{"id":4737,"date":"2026-08-17T02:19:23","date_gmt":"2026-08-17T05:19:23","guid":{"rendered":"https:\/\/www.encontragoiania.com.br\/sobre\/abrh\/"},"modified":"2026-08-17T02:19:23","modified_gmt":"2026-08-17T05:19:23","slug":"abrh","status":"publish","type":"post","link":"https:\/\/www.encontragoiania.com.br\/sobre\/abrh\/","title":{"rendered":"ABRH"},"content":{"rendered":"<div class=\"196752fdcd61442359b13893514e4d90\" data-index=\"1\" style=\"float: none; margin:0px;\">\n<!-- Anuncio display - global -->\r\n<ins class=\"adsbygoogle\"\r\n     style=\"display:block\"\r\n     data-ad-client=\"ca-pub-8585364105181520\"\r\n     data-ad-slot=\"8789329856\"\r\n     data-ad-format=\"auto\"\r\n     data-full-width-responsive=\"true\"><\/ins>\r\n<script>\r\n     (adsbygoogle = window.adsbygoogle || []).push({});\r\n<\/script>\n<\/div>\n<h2>O que \u00e9 o F\u00f3rum Sa\u00fade e Trabalho?<\/h2>\n<p>O F\u00f3rum Sa\u00fade e Trabalho \u00e9 um evento promovido pela Associa\u00e7\u00e3o Brasileira de Recursos Humanos \u2013 Seccional Goi\u00e1s (ABRH-GO), em colabora\u00e7\u00e3o com a Fecom\u00e9rcio-GO e o Instituto Elias Buf\u00e1i\u00e7al (IEB). Sua 1\u00aa edi\u00e7\u00e3o est\u00e1 marcada para o dia 12 de agosto, sendo uma plataforma dedicada \u00e0 discuss\u00e3o sobre a intera\u00e7\u00e3o entre sa\u00fade e aspectos laborais. Durante o encontro, profissionais de diversas \u00e1reas se re\u00fanem para compartilhar informa\u00e7\u00f5es, pr\u00e1ticas e estrat\u00e9gias que favore\u00e7am a sa\u00fade e o bem-estar no ambiente de trabalho.<\/p>\n<h2>Objetivos do Evento em Goi\u00e2nia<\/h2>\n<p>O principal objetivo do F\u00f3rum \u00e9 criar um espa\u00e7o prop\u00edcio para o di\u00e1logo entre l\u00edderes empresariais, gestores de recursos humanos e especialistas em sa\u00fade. O evento visa:<\/p>\n<ul>\n<li>Promover a troca de experi\u00eancias e conhecimentos sobre sa\u00fade ocupacional;<\/li>\n<li>Incentivar pr\u00e1ticas que promovam ambientes saud\u00e1veis;<\/li>\n<li>Discutir as \u00faltimas tend\u00eancias em gest\u00e3o de pessoas e sa\u00fade mental;<\/li>\n<li>Refletir sobre os desafios enfrentados por empresas na adapta\u00e7\u00e3o \u00e0s novas demandas do mundo do trabalho.<\/li>\n<\/ul>\n<h2>Temas em Destaque: Sa\u00fade Mental e Bem-Estar<\/h2>\n<p>Durante o F\u00f3rum, diversos temas relacionados \u00e0 sa\u00fade no trabalho estar\u00e3o em evid\u00eancia. Entre eles:<\/p>\n<p><img decoding=\"async\" src=\"https:\/\/www.encontragoiania.com.br\/sobre\/wp-content\/uploads\/2026\/08\/abrh.webp\" alt=\"F\u00f3rum Sa\u00fade e Trabalho em Goi\u00e2nia\" loading=\"lazy\" \/><\/p>\n<ul>\n<li><strong>Sa\u00fade Mental:<\/strong> A sa\u00fade mental no ambiente laboral \u00e9 um dos assuntos de maior relev\u00e2ncia atualmente. Debates sobre como as empresas podem oferecer suporte psicol\u00f3gico aos colaboradores s\u00e3o fundamentais.<\/li>\n<li><strong>Qualidade de Vida:<\/strong> A promo\u00e7\u00e3o de uma melhor qualidade de vida no ambiente de trabalho \u00e9 essencial para aumentar a produtividade.<\/li>\n<li><strong>Gest\u00e3o de Pessoas:<\/strong> Estrat\u00e9gias inovadoras para a gest\u00e3o de pessoas que levem em considera\u00e7\u00e3o o bem-estar dos colaboradores.<\/li>\n<li><strong>Riscos Psicossociais:<\/strong> Identifica\u00e7\u00e3o e mitiga\u00e7\u00e3o de riscos que podem afetar a sa\u00fade mental e f\u00edsica do trabalhador.<\/li>\n<li><strong>Novas Perspectivas para o Bem-Estar:<\/strong> Discuss\u00e3o sobre as novas abordagens que as organiza\u00e7\u00f5es est\u00e3o adotando para criar um ambiente saud\u00e1vel.<\/li>\n<\/ul>\n<h2>Palestrantes e Especialistas Participantes<\/h2>\n<p>O F\u00f3rum contar\u00e1 com a presen\u00e7a de renomados especialistas na \u00e1rea de sa\u00fade e trabalho. Entre eles, estar\u00e3o:<\/p>\n<ul>\n<li><strong>Marcelo Baiocchi Carneiro:<\/strong> Presidente do Sistema Fecom\u00e9rcio\/Sesc\/Senac-GO, que abordar\u00e1 a import\u00e2ncia do bem-estar no ambiente de trabalho.<\/li>\n<li><strong>Alessandra Demito:<\/strong> Doutora em psicologia e diretora da ABRH-GO, que discutir\u00e1 as quest\u00f5es relacionadas \u00e0 sa\u00fade mental no trabalho.<\/li>\n<\/ul>\n<h2>Import\u00e2ncia da Sa\u00fade Corporativa<\/h2>\n<p>A sa\u00fade corporativa \u00e9 um pilar fundamental para o sucesso das empresas. Organiza\u00e7\u00f5es que se preocupam com a sa\u00fade de seus colaboradores conseguem:<\/p>\n<ul>\n<li><strong>Aumentar a Produtividade:<\/strong> Colaboradores saud\u00e1veis tendem a ser mais produtivos e motivados.<\/li>\n<li><strong>Reduzir Afastamentos:<\/strong> Investir na sa\u00fade do funcion\u00e1rio pode diminuir o n\u00famero de faltas e afastamentos por problemas de sa\u00fade.<\/li>\n<li><strong>Aumentar a Reten\u00e7\u00e3o de Talentos:<\/strong> Empresas que valorizam o bem-estar geralmente mant\u00eam seus talentos por mais tempo.<\/li>\n<li><strong>Construir uma Boa Imagem:<\/strong> Organiza\u00e7\u00f5es reconhecidas por se preocuparem com seus colaboradores atraem aten\u00e7\u00e3o positiva no mercado.<\/li>\n<\/ul>\n<h2>Como Corporativa Beneficia os Neg\u00f3cios<\/h2>\n<p>Os benef\u00edcios de investir em sa\u00fade corporativa s\u00e3o amplos. Aqui est\u00e3o algumas maneiras que mostram como isso se traduz em resultados positivos para os neg\u00f3cios:<\/p>\n<ul>\n<li><strong>Clima Organizacional:<\/strong> Ambientes de trabalho saud\u00e1veis promovem um clima organizacional mais positivo, refletindo na satisfa\u00e7\u00e3o do colaborador.<\/li>\n<li><strong>Inova\u00e7\u00e3o:<\/strong> Funcion\u00e1rios satisfeitos s\u00e3o mais propensos a inovar e contribuir com ideias criativas.<\/li>\n<li><strong>Competitividade:<\/strong> Empresas que priorizam a sa\u00fade dos colaboradores se destacam no mercado, favorecendo uma vantagem competitiva.<\/li>\n<\/ul>\n<h2>Inscri\u00e7\u00f5es e Informa\u00e7\u00f5es Sobre o Evento<\/h2>\n<p>As inscri\u00e7\u00f5es para o F\u00f3rum Sa\u00fade e Trabalho est\u00e3o abertas e podem ser feitas online. Para mais informa\u00e7\u00f5es, os interessados podem acessar o link disponibilizado pela organiza\u00e7\u00e3o. \u00c9 uma excelente oportunidade para quem busca melhorar a gest\u00e3o da sa\u00fade no trabalho.<\/p>\n<h2>Expectativas para o Futuro do Trabalho<\/h2>\n<p>Com as constantes mudan\u00e7as no cen\u00e1rio de trabalho, as expectativas para o futuro incluem:<\/p>\n<ul>\n<li><strong>Flexibilidade:<\/strong> A necessidade de hor\u00e1rios e ambientes de trabalho mais flex\u00edveis ser\u00e1 crescente.<\/li>\n<li><strong>Integra\u00e7\u00e3o de Tecnologias:<\/strong> O uso de tecnologias que promovam o bem-estar ser\u00e1 fator chave.<\/li>\n<li><strong>Foco na Sustentabilidade:<\/strong> Pr\u00e1ticas que favore\u00e7am a sa\u00fade e a sustentabilidade ser\u00e3o cada vez mais valorizadas.<\/li>\n<\/ul>\n<h2>Depoimentos de Participantes Anteriores<\/h2>\n<p>Participantes de edi\u00e7\u00f5es anteriores do F\u00f3rum destacaram a relev\u00e2ncia do evento para suas carreiras e organiza\u00e7\u00f5es. Relatos incluem:<\/p>\n<ul>\n<li><strong>\u201cFoi uma oportunidade \u00fanica para aprender e trocar experi\u00eancias sobre sa\u00fade no trabalho.\u201d<\/strong><\/li>\n<li><strong>\u201cAs palestras foram extremamente enriquecedoras e me ajudaram a implementar mudan\u00e7as imediatas na minha equipe.\u201d<\/strong><\/li>\n<\/ul>\n<h2>O Impacto das Pr\u00e1ticas Saud\u00e1veis nas Empresas<\/h2>\n<p>A ado\u00e7\u00e3o de pr\u00e1ticas saud\u00e1veis, como programas de bem-estar e suporte psicol\u00f3gico, tem demonstrado resultados significativos nas empresas. Aspectos positivos incluem:<\/p>\n<ul>\n<li><strong>Melhor Desempenho:<\/strong> Empresas que adotam essas pr\u00e1ticas frequentemente notam aumento no desempenho dos colaboradores.<\/li>\n<li><strong>Menor Rotatividade:<\/strong> A satisfa\u00e7\u00e3o dos funcion\u00e1rios, associada a um ambiente saud\u00e1vel, diminui a rotatividade.<\/li>\n<\/ul>\n<p>O F\u00f3rum Sa\u00fade e Trabalho ser\u00e1 um marco para discutir estas e outras quest\u00f5es vitais para o futuro do trabalho em Goi\u00e2nia. A participa\u00e7\u00e3o \u00e9 altamente recomendada para todos que desejam engajar-se nas melhores pr\u00e1ticas de sa\u00fade no ambiente corporativo.<\/p>\n\n<div style=\"font-size: 0px; height: 0px; line-height: 0px; margin: 0; padding: 0; clear: both;\"><\/div>","protected":false},"excerpt":{"rendered":"<p>F\u00f3rum Sa\u00fade e Trabalho em Goi\u00e2nia discute a relev\u00e2ncia da sa\u00fade no ambiente corporativo.<\/p>\n","protected":false},"author":1,"featured_media":4736,"comment_status":"closed","ping_status":"closed","sticky":false,"template":"","format":"standard","meta":{"footnotes":""},"categories":[4],"tags":[],"class_list":["post-4737","post","type-post","status-publish","format-standard","has-post-thumbnail","hentry","category-empregos-em-goiania","has_thumb"],"aioseo_notices":[],"aioseo_head":"\n\t\t<!-- All in One SEO 5.0.0.1 - aioseo.com -->\n\t<meta name=\"description\" content=\"F\u00f3rum Sa\u00fade e Trabalho em Goi\u00e2nia discute a relev\u00e2ncia da sa\u00fade no ambiente corporativo.\" \/>\n\t<meta name=\"robots\" content=\"max-image-preview:large\" \/>\n\t<meta name=\"author\" content=\"Encontra Goi\u00e2nia\"\/>\n\t<link rel=\"canonical\" href=\"https:\/\/www.encontragoiania.com.br\/sobre\/abrh\/\" \/>\n\t<meta name=\"generator\" content=\"All in One SEO (AIOSEO) 5.0.0.1\" \/>\n\t\t<meta property=\"og:locale\" content=\"pt_BR\" \/>\n\t\t<meta property=\"og:site_name\" content=\"Encontra Goi\u00e2nia | Not\u00edcias, eventos, informa\u00e7\u00f5es e dicas na cidade Goi\u00e2nia e regi\u00e3o.\" \/>\n\t\t<meta property=\"og:type\" content=\"article\" \/>\n\t\t<meta property=\"og:title\" content=\"ABRH | Encontra Goi\u00e2nia\" \/>\n\t\t<meta property=\"og:description\" content=\"F\u00f3rum Sa\u00fade e Trabalho em Goi\u00e2nia discute a relev\u00e2ncia da sa\u00fade no ambiente corporativo.\" \/>\n\t\t<meta property=\"og:url\" content=\"https:\/\/www.encontragoiania.com.br\/sobre\/abrh\/\" \/>\n\t\t<meta property=\"article:published_time\" content=\"2026-08-17T05:19:23+00:00\" \/>\n\t\t<meta property=\"article:modified_time\" content=\"2026-08-17T05:19:23+00:00\" \/>\n\t\t<meta name=\"twitter:card\" content=\"summary\" \/>\n\t\t<meta name=\"twitter:title\" content=\"ABRH | Encontra Goi\u00e2nia\" \/>\n\t\t<meta name=\"twitter:description\" content=\"F\u00f3rum Sa\u00fade e Trabalho em Goi\u00e2nia discute a relev\u00e2ncia da sa\u00fade no ambiente corporativo.\" \/>\n\t\t<script type=\"application\/ld+json\" class=\"aioseo-schema\">\n\t\t\t{\"@context\":\"https:\\\/\\\/schema.org\",\"@graph\":[{\"@type\":\"Article\",\"@id\":\"https:\\\/\\\/www.encontragoiania.com.br\\\/sobre\\\/abrh\\\/#article\",\"name\":\"ABRH | Encontra Goi\\u00e2nia\",\"headline\":\"ABRH\",\"author\":{\"@id\":\"https:\\\/\\\/www.encontragoiania.com.br\\\/sobre\\\/author\\\/egoiania\\\/#author\"},\"publisher\":{\"@id\":\"https:\\\/\\\/www.encontragoiania.com.br\\\/sobre\\\/#organization\"},\"image\":{\"@type\":\"ImageObject\",\"url\":\"https:\\\/\\\/www.encontragoiania.com.br\\\/sobre\\\/wp-content\\\/uploads\\\/2026\\\/08\\\/abrh.webp\",\"width\":280,\"height\":280,\"caption\":\"F\\u00f3rum Sa\\u00fade e Trabalho em Goi\\u00e2nia\"},\"datePublished\":\"2026-08-17T02:19:23-03:00\",\"dateModified\":\"2026-08-17T02:19:23-03:00\",\"inLanguage\":\"pt-BR\",\"mainEntityOfPage\":{\"@id\":\"https:\\\/\\\/www.encontragoiania.com.br\\\/sobre\\\/abrh\\\/#webpage\"},\"isPartOf\":{\"@id\":\"https:\\\/\\\/www.encontragoiania.com.br\\\/sobre\\\/abrh\\\/#webpage\"},\"articleSection\":\"Empregos Goi\\u00e2nia\"},{\"@type\":\"BreadcrumbList\",\"@id\":\"https:\\\/\\\/www.encontragoiania.com.br\\\/sobre\\\/abrh\\\/#breadcrumblist\",\"itemListElement\":[{\"@type\":\"ListItem\",\"@id\":\"https:\\\/\\\/www.encontragoiania.com.br\\\/sobre#listItem\",\"position\":1,\"name\":\"In\\u00edcio\",\"item\":\"https:\\\/\\\/www.encontragoiania.com.br\\\/sobre\",\"nextItem\":{\"@type\":\"ListItem\",\"@id\":\"https:\\\/\\\/www.encontragoiania.com.br\\\/sobre\\\/empregos-em-goiania\\\/#listItem\",\"name\":\"Empregos Goi\\u00e2nia\"}},{\"@type\":\"ListItem\",\"@id\":\"https:\\\/\\\/www.encontragoiania.com.br\\\/sobre\\\/empregos-em-goiania\\\/#listItem\",\"position\":2,\"name\":\"Empregos Goi\\u00e2nia\",\"item\":\"https:\\\/\\\/www.encontragoiania.com.br\\\/sobre\\\/empregos-em-goiania\\\/\",\"nextItem\":{\"@type\":\"ListItem\",\"@id\":\"https:\\\/\\\/www.encontragoiania.com.br\\\/sobre\\\/abrh\\\/#listItem\",\"name\":\"ABRH\"},\"previousItem\":{\"@type\":\"ListItem\",\"@id\":\"https:\\\/\\\/www.encontragoiania.com.br\\\/sobre#listItem\",\"name\":\"In\\u00edcio\"}},{\"@type\":\"ListItem\",\"@id\":\"https:\\\/\\\/www.encontragoiania.com.br\\\/sobre\\\/abrh\\\/#listItem\",\"position\":3,\"name\":\"ABRH\",\"previousItem\":{\"@type\":\"ListItem\",\"@id\":\"https:\\\/\\\/www.encontragoiania.com.br\\\/sobre\\\/empregos-em-goiania\\\/#listItem\",\"name\":\"Empregos Goi\\u00e2nia\"}}]},{\"@type\":\"Organization\",\"@id\":\"https:\\\/\\\/www.encontragoiania.com.br\\\/sobre\\\/#organization\",\"name\":\"Encontra Goi\\u00e2nia\",\"description\":\"Not\\u00edcias, eventos, informa\\u00e7\\u00f5es e dicas na cidade Goi\\u00e2nia e regi\\u00e3o.\",\"url\":\"https:\\\/\\\/www.encontragoiania.com.br\\\/sobre\\\/\"},{\"@type\":\"Person\",\"@id\":\"https:\\\/\\\/www.encontragoiania.com.br\\\/sobre\\\/author\\\/egoiania\\\/#author\",\"url\":\"https:\\\/\\\/www.encontragoiania.com.br\\\/sobre\\\/author\\\/egoiania\\\/\",\"name\":\"Encontra Goi\\u00e2nia\",\"image\":{\"@type\":\"ImageObject\",\"@id\":\"https:\\\/\\\/www.encontragoiania.com.br\\\/sobre\\\/abrh\\\/#authorImage\",\"url\":\"https:\\\/\\\/secure.gravatar.com\\\/avatar\\\/507340682b8270222e1f208e23198b6ae7e2c6a1033ae84e99bc6bce4f82a387?s=96&d=mm&r=g\",\"width\":96,\"height\":96,\"caption\":\"Encontra Goi\\u00e2nia\"}},{\"@type\":\"WebPage\",\"@id\":\"https:\\\/\\\/www.encontragoiania.com.br\\\/sobre\\\/abrh\\\/#webpage\",\"url\":\"https:\\\/\\\/www.encontragoiania.com.br\\\/sobre\\\/abrh\\\/\",\"name\":\"ABRH | Encontra Goi\\u00e2nia\",\"description\":\"F\\u00f3rum Sa\\u00fade e Trabalho em Goi\\u00e2nia discute a relev\\u00e2ncia da sa\\u00fade no ambiente corporativo.\",\"inLanguage\":\"pt-BR\",\"isPartOf\":{\"@id\":\"https:\\\/\\\/www.encontragoiania.com.br\\\/sobre\\\/#website\"},\"breadcrumb\":{\"@id\":\"https:\\\/\\\/www.encontragoiania.com.br\\\/sobre\\\/abrh\\\/#breadcrumblist\"},\"author\":{\"@id\":\"https:\\\/\\\/www.encontragoiania.com.br\\\/sobre\\\/author\\\/egoiania\\\/#author\"},\"creator\":{\"@id\":\"https:\\\/\\\/www.encontragoiania.com.br\\\/sobre\\\/author\\\/egoiania\\\/#author\"},\"image\":{\"@type\":\"ImageObject\",\"url\":\"https:\\\/\\\/www.encontragoiania.com.br\\\/sobre\\\/wp-content\\\/uploads\\\/2026\\\/08\\\/abrh.webp\",\"@id\":\"https:\\\/\\\/www.encontragoiania.com.br\\\/sobre\\\/abrh\\\/#mainImage\",\"width\":280,\"height\":280,\"caption\":\"F\\u00f3rum Sa\\u00fade e Trabalho em Goi\\u00e2nia\"},\"primaryImageOfPage\":{\"@id\":\"https:\\\/\\\/www.encontragoiania.com.br\\\/sobre\\\/abrh\\\/#mainImage\"},\"datePublished\":\"2026-08-17T02:19:23-03:00\",\"dateModified\":\"2026-08-17T02:19:23-03:00\"},{\"@type\":\"WebSite\",\"@id\":\"https:\\\/\\\/www.encontragoiania.com.br\\\/sobre\\\/#website\",\"url\":\"https:\\\/\\\/www.encontragoiania.com.br\\\/sobre\\\/\",\"name\":\"Encontra Goi\\u00e2nia\",\"description\":\"Not\\u00edcias, eventos, informa\\u00e7\\u00f5es e dicas na cidade Goi\\u00e2nia e regi\\u00e3o.\",\"inLanguage\":\"pt-BR\",\"publisher\":{\"@id\":\"https:\\\/\\\/www.encontragoiania.com.br\\\/sobre\\\/#organization\"}}]}\n\t\t<\/script>\n\t\t<!-- All in One SEO -->\n\n","aioseo_head_json":{"title":"ABRH | Encontra Goi\u00e2nia","description":"F\u00f3rum Sa\u00fade e Trabalho em Goi\u00e2nia discute a relev\u00e2ncia da sa\u00fade no ambiente corporativo.","canonical_url":"https:\/\/www.encontragoiania.com.br\/sobre\/abrh\/","robots":"max-image-preview:large","keywords":"","webmasterTools":{"miscellaneous":""},"schema":{"@context":"https:\/\/schema.org","@graph":[{"@type":"Article","@id":"https:\/\/www.encontragoiania.com.br\/sobre\/abrh\/#article","name":"ABRH | Encontra Goi\u00e2nia","headline":"ABRH","author":{"@id":"https:\/\/www.encontragoiania.com.br\/sobre\/author\/egoiania\/#author"},"publisher":{"@id":"https:\/\/www.encontragoiania.com.br\/sobre\/#organization"},"image":{"@type":"ImageObject","url":"https:\/\/www.encontragoiania.com.br\/sobre\/wp-content\/uploads\/2026\/08\/abrh.webp","width":280,"height":280,"caption":"F\u00f3rum Sa\u00fade e Trabalho em Goi\u00e2nia"},"datePublished":"2026-08-17T02:19:23-03:00","dateModified":"2026-08-17T02:19:23-03:00","inLanguage":"pt-BR","mainEntityOfPage":{"@id":"https:\/\/www.encontragoiania.com.br\/sobre\/abrh\/#webpage"},"isPartOf":{"@id":"https:\/\/www.encontragoiania.com.br\/sobre\/abrh\/#webpage"},"articleSection":"Empregos Goi\u00e2nia"},{"@type":"BreadcrumbList","@id":"https:\/\/www.encontragoiania.com.br\/sobre\/abrh\/#breadcrumblist","itemListElement":[{"@type":"ListItem","@id":"https:\/\/www.encontragoiania.com.br\/sobre#listItem","position":1,"name":"In\u00edcio","item":"https:\/\/www.encontragoiania.com.br\/sobre","nextItem":{"@type":"ListItem","@id":"https:\/\/www.encontragoiania.com.br\/sobre\/empregos-em-goiania\/#listItem","name":"Empregos Goi\u00e2nia"}},{"@type":"ListItem","@id":"https:\/\/www.encontragoiania.com.br\/sobre\/empregos-em-goiania\/#listItem","position":2,"name":"Empregos Goi\u00e2nia","item":"https:\/\/www.encontragoiania.com.br\/sobre\/empregos-em-goiania\/","nextItem":{"@type":"ListItem","@id":"https:\/\/www.encontragoiania.com.br\/sobre\/abrh\/#listItem","name":"ABRH"},"previousItem":{"@type":"ListItem","@id":"https:\/\/www.encontragoiania.com.br\/sobre#listItem","name":"In\u00edcio"}},{"@type":"ListItem","@id":"https:\/\/www.encontragoiania.com.br\/sobre\/abrh\/#listItem","position":3,"name":"ABRH","previousItem":{"@type":"ListItem","@id":"https:\/\/www.encontragoiania.com.br\/sobre\/empregos-em-goiania\/#listItem","name":"Empregos Goi\u00e2nia"}}]},{"@type":"Organization","@id":"https:\/\/www.encontragoiania.com.br\/sobre\/#organization","name":"Encontra Goi\u00e2nia","description":"Not\u00edcias, eventos, informa\u00e7\u00f5es e dicas na cidade Goi\u00e2nia e regi\u00e3o.","url":"https:\/\/www.encontragoiania.com.br\/sobre\/"},{"@type":"Person","@id":"https:\/\/www.encontragoiania.com.br\/sobre\/author\/egoiania\/#author","url":"https:\/\/www.encontragoiania.com.br\/sobre\/author\/egoiania\/","name":"Encontra Goi\u00e2nia","image":{"@type":"ImageObject","@id":"https:\/\/www.encontragoiania.com.br\/sobre\/abrh\/#authorImage","url":"https:\/\/secure.gravatar.com\/avatar\/507340682b8270222e1f208e23198b6ae7e2c6a1033ae84e99bc6bce4f82a387?s=96&d=mm&r=g","width":96,"height":96,"caption":"Encontra Goi\u00e2nia"}},{"@type":"WebPage","@id":"https:\/\/www.encontragoiania.com.br\/sobre\/abrh\/#webpage","url":"https:\/\/www.encontragoiania.com.br\/sobre\/abrh\/","name":"ABRH | Encontra Goi\u00e2nia","description":"F\u00f3rum Sa\u00fade e Trabalho em Goi\u00e2nia discute a relev\u00e2ncia da sa\u00fade no ambiente corporativo.","inLanguage":"pt-BR","isPartOf":{"@id":"https:\/\/www.encontragoiania.com.br\/sobre\/#website"},"breadcrumb":{"@id":"https:\/\/www.encontragoiania.com.br\/sobre\/abrh\/#breadcrumblist"},"author":{"@id":"https:\/\/www.encontragoiania.com.br\/sobre\/author\/egoiania\/#author"},"creator":{"@id":"https:\/\/www.encontragoiania.com.br\/sobre\/author\/egoiania\/#author"},"image":{"@type":"ImageObject","url":"https:\/\/www.encontragoiania.com.br\/sobre\/wp-content\/uploads\/2026\/08\/abrh.webp","@id":"https:\/\/www.encontragoiania.com.br\/sobre\/abrh\/#mainImage","width":280,"height":280,"caption":"F\u00f3rum Sa\u00fade e Trabalho em Goi\u00e2nia"},"primaryImageOfPage":{"@id":"https:\/\/www.encontragoiania.com.br\/sobre\/abrh\/#mainImage"},"datePublished":"2026-08-17T02:19:23-03:00","dateModified":"2026-08-17T02:19:23-03:00"},{"@type":"WebSite","@id":"https:\/\/www.encontragoiania.com.br\/sobre\/#website","url":"https:\/\/www.encontragoiania.com.br\/sobre\/","name":"Encontra Goi\u00e2nia","description":"Not\u00edcias, eventos, informa\u00e7\u00f5es e dicas na cidade Goi\u00e2nia e regi\u00e3o.","inLanguage":"pt-BR","publisher":{"@id":"https:\/\/www.encontragoiania.com.br\/sobre\/#organization"}}]},"og:locale":"pt_BR","og:site_name":"Encontra Goi\u00e2nia | Not\u00edcias, eventos, informa\u00e7\u00f5es e dicas na cidade Goi\u00e2nia e regi\u00e3o.","og:type":"article","og:title":"ABRH | Encontra Goi\u00e2nia","og:description":"F\u00f3rum Sa\u00fade e Trabalho em Goi\u00e2nia discute a relev\u00e2ncia da sa\u00fade no ambiente corporativo.","og:url":"https:\/\/www.encontragoiania.com.br\/sobre\/abrh\/","article:published_time":"2026-08-17T05:19:23+00:00","article:modified_time":"2026-08-17T05:19:23+00:00","twitter:card":"summary","twitter:title":"ABRH | Encontra Goi\u00e2nia","twitter:description":"F\u00f3rum Sa\u00fade e Trabalho em Goi\u00e2nia discute a relev\u00e2ncia da sa\u00fade no ambiente corporativo."},"aioseo_meta_data":{"post_id":"4737","title":null,"description":null,"keywords":null,"keyphrases":null,"primary_term":null,"canonical_url":null,"og_title":null,"og_description":null,"og_object_type":"default","og_image_type":"default","og_image_url":null,"og_image_width":null,"og_image_height":null,"og_image_custom_url":null,"og_image_custom_fields":null,"og_video":null,"og_custom_url":null,"og_article_section":null,"og_article_tags":null,"twitter_use_og":false,"twitter_card":"default","twitter_image_type":"default","twitter_image_url":null,"twitter_image_custom_url":null,"twitter_image_custom_fields":null,"twitter_title":null,"twitter_description":null,"schema":{"blockGraphs":[],"customGraphs":[],"default":{"data":{"Article":[],"Course":[],"Dataset":[],"FAQPage":[],"Movie":[],"Person":[],"Product":[],"ProductReview":[],"Car":[],"Recipe":[],"Service":[],"SoftwareApplication":[],"WebPage":[]},"graphName":"Article","isEnabled":true},"graphs":[]},"schema_type":"default","schema_type_options":null,"pillar_content":false,"robots_default":true,"robots_noindex":false,"robots_noarchive":false,"robots_nosnippet":false,"robots_nofollow":false,"robots_noimageindex":false,"robots_noodp":false,"robots_notranslate":false,"robots_max_snippet":null,"robots_max_videopreview":null,"robots_max_imagepreview":"large","priority":null,"frequency":null,"local_seo":null,"breadcrumb_settings":null,"limit_modified_date":false,"ai":null,"created":"2026-08-17 05:19:23","updated":"2026-08-17 05:19:23","focus_keyword":null,"additional_keywords":null,"truseo_locale":null,"seo_analyzer_scan_date":null},"aioseo_breadcrumb":"<div class=\"aioseo-breadcrumbs\"><span class=\"aioseo-breadcrumb\">\n\t\t\t<a href=\"https:\/\/www.encontragoiania.com.br\/sobre\" title=\"In\u00edcio\">In\u00edcio<\/a>\n\t\t<\/span><span class=\"aioseo-breadcrumb-separator\">&raquo;<\/span><span class=\"aioseo-breadcrumb\">\n\t\t\t<a href=\"https:\/\/www.encontragoiania.com.br\/sobre\/empregos-em-goiania\/\" title=\"Empregos Goi\u00e2nia\">Empregos Goi\u00e2nia<\/a>\n\t\t<\/span><span class=\"aioseo-breadcrumb-separator\">&raquo;<\/span><span class=\"aioseo-breadcrumb\">\n\t\t\tABRH\n\t\t<\/span><\/div>","aioseo_breadcrumb_json":[{"label":"In\u00edcio","link":"https:\/\/www.encontragoiania.com.br\/sobre"},{"label":"Empregos Goi\u00e2nia","link":"https:\/\/www.encontragoiania.com.br\/sobre\/empregos-em-goiania\/"},{"label":"ABRH","link":"https:\/\/www.encontragoiania.com.br\/sobre\/abrh\/"}],"_links":{"self":[{"href":"https:\/\/www.encontragoiania.com.br\/sobre\/wp-json\/wp\/v2\/posts\/4737","targetHints":{"allow":["GET"]}}],"collection":[{"href":"https:\/\/www.encontragoiania.com.br\/sobre\/wp-json\/wp\/v2\/posts"}],"about":[{"href":"https:\/\/www.encontragoiania.com.br\/sobre\/wp-json\/wp\/v2\/types\/post"}],"author":[{"embeddable":true,"href":"https:\/\/www.encontragoiania.com.br\/sobre\/wp-json\/wp\/v2\/users\/1"}],"replies":[{"embeddable":true,"href":"https:\/\/www.encontragoiania.com.br\/sobre\/wp-json\/wp\/v2\/comments?post=4737"}],"version-history":[{"count":0,"href":"https:\/\/www.encontragoiania.com.br\/sobre\/wp-json\/wp\/v2\/posts\/4737\/revisions"}],"wp:featuredmedia":[{"embeddable":true,"href":"https:\/\/www.encontragoiania.com.br\/sobre\/wp-json\/wp\/v2\/media\/4736"}],"wp:attachment":[{"href":"https:\/\/www.encontragoiania.com.br\/sobre\/wp-json\/wp\/v2\/media?parent=4737"}],"wp:term":[{"taxonomy":"category","embeddable":true,"href":"https:\/\/www.encontragoiania.com.br\/sobre\/wp-json\/wp\/v2\/categories?post=4737"},{"taxonomy":"post_tag","embeddable":true,"href":"https:\/\/www.encontragoiania.com.br\/sobre\/wp-json\/wp\/v2\/tags?post=4737"}],"curies":[{"name":"wp","href":"https:\/\/api.w.org\/{rel}","templated":true}]}}