{"id":4164,"date":"2026-05-12T04:47:45","date_gmt":"2026-05-12T07:47:45","guid":{"rendered":"https:\/\/www.encontragoiania.com.br\/sobre\/de-bolo-a-desfile-civico-veja-a-programacao-para-o-aniversario-de-104-anos-de-aparecida-de-goiania\/"},"modified":"2026-05-12T04:47:45","modified_gmt":"2026-05-12T07:47:45","slug":"de-bolo-a-desfile-civico-veja-a-programacao-para-o-aniversario-de-104-anos-de-aparecida-de-goiania","status":"publish","type":"post","link":"https:\/\/www.encontragoiania.com.br\/sobre\/de-bolo-a-desfile-civico-veja-a-programacao-para-o-aniversario-de-104-anos-de-aparecida-de-goiania\/","title":{"rendered":"De bolo a desfile c\u00edvico: veja a programa\u00e7\u00e3o para o anivers\u00e1rio de 104 anos de Aparecida de Goi\u00e2nia"},"content":{"rendered":"<div class=\"196752fdcd61442359b13893514e4d90\" data-index=\"1\" style=\"float: none; margin:0px;\">\n<!-- Anuncio display - global -->\r\n<ins class=\"adsbygoogle\"\r\n     style=\"display:block\"\r\n     data-ad-client=\"ca-pub-8585364105181520\"\r\n     data-ad-slot=\"8789329856\"\r\n     data-ad-format=\"auto\"\r\n     data-full-width-responsive=\"true\"><\/ins>\r\n<script>\r\n     (adsbygoogle = window.adsbygoogle || []).push({});\r\n<\/script>\n<\/div>\n<h2>Celebra\u00e7\u00f5es do Anivers\u00e1rio de Aparecida de Goi\u00e2nia<\/h2>\n<p>O anivers\u00e1rio de Aparecida de Goi\u00e2nia, que completa 104 anos, \u00e9 uma ocasi\u00e3o de grande import\u00e2ncia para a cidade. As festividades est\u00e3o programadas para engajar a comunidade e celebrar suas conquistas ao longo dos anos. O evento, marcado para o dia 11 de maio, inclui uma vasta programa\u00e7\u00e3o que promete entreter e envolver os cidad\u00e3os.<\/p>\n<h2>Desfile C\u00edvico: Uma Tradicional Atra\u00e7\u00e3o<\/h2>\n<p>Um dos eventos mais aguardados \u00e9 o desfile c\u00edvico, que acontecer\u00e1 na Avenida Independ\u00eancia, a partir das 8h. Este desfile n\u00e3o \u00e9 apenas uma exibi\u00e7\u00e3o de orgulho c\u00edvico, mas tamb\u00e9m uma demonstra\u00e7\u00e3o do talento e da criatividade das escolas e das institui\u00e7\u00f5es de seguran\u00e7a locais. Com a participa\u00e7\u00e3o de cinco mil pessoas, as bandas marciais e as for\u00e7as de seguran\u00e7a da cidade ir\u00e3o se apresentar, refletindo o esp\u00edrito de uni\u00e3o e patriotismo da comunidade.<\/p>\n<h2>Bolos de Pote: Uma Del\u00edcia Para Todos<\/h2>\n<p>Como parte das celebra\u00e7\u00f5es, a prefeitura planejou a distribui\u00e7\u00e3o de cinco mil bolos de pote. Essa doce novidade \u00e9 uma forma de envolver a popula\u00e7\u00e3o, oferecendo um pedacinho da festa a todos os presentes. O corte do bolo em homenagem ao anivers\u00e1rio da cidade tamb\u00e9m ser\u00e1 um momento de celebra\u00e7\u00e3o simb\u00f3lica, que conta com a participa\u00e7\u00e3o das autoridades locais e da comunidade.<\/p>\n<h2>Localiza\u00e7\u00e3o e Hor\u00e1rios do Evento<\/h2>\n<p>A programa\u00e7\u00e3o de anivers\u00e1rio acontece ao longo da Avenida Independ\u00eancia, na regi\u00e3o do Parque da Fam\u00edlia, que ser\u00e1 transformada em um grande espa\u00e7o de festividades. A celebra\u00e7\u00e3o ter\u00e1 in\u00edcio \u00e0s 8h, e \u00e9 importante que os participantes cheguem cedo para garantir um bom lugar nas arquibancadas que ser\u00e3o montadas para o p\u00fablico.<\/p>\n<h2>Expectativa de P\u00fablico e Convidados<\/h2>\n<p>S\u00e3o esperadas cerca de cinco mil pessoas para as celebra\u00e7\u00f5es do anivers\u00e1rio, o que demonstra a forte uni\u00e3o da comunidade em torno da sua cidade. Entre os convidados, al\u00e9m do prefeito Leandro Vilela e do vice-prefeito Jo\u00e3o Campos, estar\u00e3o presentes autoridades como o governador Daniel Vilela e o ex-governador Ronaldo Caiado, que se juntar\u00e3o \u00e0 festa para prestigiar as comemora\u00e7\u00f5es.<\/p>\n<h2>Hist\u00f3ria de Aparecida de Goi\u00e2nia<\/h2>\n<p>Aparecida de Goi\u00e2nia possui uma rica hist\u00f3ria que remonta ao in\u00edcio do s\u00e9culo XX, quando foi fundada. Desde ent\u00e3o, a cidade cresceu e se desenvolveu, tornando-se uma importante refer\u00eancia na Regi\u00e3o Metropolitana de Goi\u00e2nia. Com uma popula\u00e7\u00e3o que j\u00e1 passa de 556 mil habitantes, a cidade se destaca pela sua diversidade cultural e pelo dinamismo econ\u00f4mico.<\/p>\n<h2>Programa\u00e7\u00e3o Completa do Anivers\u00e1rio<\/h2>\n<p>A programa\u00e7\u00e3o completa do evento inclui v\u00e1rias atra\u00e7\u00f5es, como apresenta\u00e7\u00f5es culturais, shows musicais e o desfile mencionado anteriormente. Cada parte do evento foi organizada para garantir que todos os cidad\u00e3os possam participar e desfrutar das festividades, promovendo um sentimento de coletividade e pertencimento.<\/p>\n<h2>Import\u00e2ncia da Data Para a Comunidade<\/h2>\n<p>O anivers\u00e1rio da cidade \u00e9 muito mais do que uma simples festividade; \u00e9 um momento de reflex\u00e3o sobre os avan\u00e7os e desafios enfrentados ao longo dos anos. A data traz \u00e0 tona a import\u00e2ncia da uni\u00e3o da comunidade em prol de um futuro melhor, fortalecendo os la\u00e7os entre os cidad\u00e3os e sua cidade.<\/p>\n<h2>Medidas de Seguran\u00e7a Durante o Evento<\/h2>\n<p>A seguran\u00e7a \u00e9 uma prioridade durante as festividades. A prefeitura, em parceria com as for\u00e7as de seguran\u00e7a, elaborou um plano para garantir a tranquilidade dos participantes. Haver\u00e1 patrulhamento ao longo do desfile e na \u00e1rea onde ocorrer\u00e3o as comemora\u00e7\u00f5es, al\u00e9m de estrat\u00e9gias para gerenciar o fluxo de pessoas, assegurando que todos possam aproveitar os eventos com seguran\u00e7a.<\/p>\n<h2>Como Participar e Aproveitar a Festa<\/h2>\n<p>Para aqueles que desejam participar das celebra\u00e7\u00f5es, o convite \u00e9 aberto a todos os cidad\u00e3os. Prepara\u00e7\u00f5es pr\u00e9vias, como o conhecimento da programa\u00e7\u00e3o e planejamento do deslocamento at\u00e9 o local, s\u00e3o recomendadas para garantir uma experi\u00eancia agrad\u00e1vel. N\u00e3o se esque\u00e7a de trazer sua fam\u00edlia e amigos para desfrutar de um dia repleto de alegria e celebra\u00e7\u00e3o, aproveitando tudo que Aparecida de Goi\u00e2nia tem a oferecer.<\/p>\n\n<div style=\"font-size: 0px; height: 0px; line-height: 0px; margin: 0; padding: 0; clear: both;\"><\/div>","protected":false},"excerpt":{"rendered":"<p>Anivers\u00e1rio de Aparecida de Goi\u00e2nia promete desfile c\u00edvico e 5 mil bolos para comemorar.<\/p>\n","protected":false},"author":1,"featured_media":0,"comment_status":"closed","ping_status":"closed","sticky":false,"template":"","format":"standard","meta":{"footnotes":""},"categories":[25],"tags":[],"class_list":["post-4164","post","type-post","status-publish","format-standard","hentry","category-cultura-em-goiania"],"aioseo_notices":[],"aioseo_head":"\n\t\t<!-- All in One SEO 5.0.0.1 - aioseo.com -->\n\t<meta name=\"description\" content=\"Anivers\u00e1rio de Aparecida de Goi\u00e2nia promete desfile c\u00edvico e 5 mil bolos para comemorar.\" \/>\n\t<meta name=\"robots\" content=\"max-image-preview:large\" \/>\n\t<meta name=\"author\" content=\"Encontra Goi\u00e2nia\"\/>\n\t<link rel=\"canonical\" href=\"https:\/\/www.encontragoiania.com.br\/sobre\/de-bolo-a-desfile-civico-veja-a-programacao-para-o-aniversario-de-104-anos-de-aparecida-de-goiania\/\" \/>\n\t<meta name=\"generator\" content=\"All in One SEO (AIOSEO) 5.0.0.1\" \/>\n\t\t<meta property=\"og:locale\" content=\"pt_BR\" \/>\n\t\t<meta property=\"og:site_name\" content=\"Encontra Goi\u00e2nia | Not\u00edcias, eventos, informa\u00e7\u00f5es e dicas na cidade Goi\u00e2nia e regi\u00e3o.\" \/>\n\t\t<meta property=\"og:type\" content=\"article\" \/>\n\t\t<meta property=\"og:title\" content=\"De bolo a desfile c\u00edvico: veja a programa\u00e7\u00e3o para o anivers\u00e1rio de 104 anos de Aparecida de Goi\u00e2nia | Encontra Goi\u00e2nia\" \/>\n\t\t<meta property=\"og:description\" content=\"Anivers\u00e1rio de Aparecida de Goi\u00e2nia promete desfile c\u00edvico e 5 mil bolos para comemorar.\" \/>\n\t\t<meta property=\"og:url\" content=\"https:\/\/www.encontragoiania.com.br\/sobre\/de-bolo-a-desfile-civico-veja-a-programacao-para-o-aniversario-de-104-anos-de-aparecida-de-goiania\/\" \/>\n\t\t<meta property=\"article:published_time\" content=\"2026-05-12T07:47:45+00:00\" \/>\n\t\t<meta property=\"article:modified_time\" content=\"2026-05-12T07:47:45+00:00\" \/>\n\t\t<meta name=\"twitter:card\" content=\"summary\" \/>\n\t\t<meta name=\"twitter:title\" content=\"De bolo a desfile c\u00edvico: veja a programa\u00e7\u00e3o para o anivers\u00e1rio de 104 anos de Aparecida de Goi\u00e2nia | Encontra Goi\u00e2nia\" \/>\n\t\t<meta name=\"twitter:description\" content=\"Anivers\u00e1rio de Aparecida de Goi\u00e2nia promete desfile c\u00edvico e 5 mil bolos para comemorar.\" \/>\n\t\t<script type=\"application\/ld+json\" class=\"aioseo-schema\">\n\t\t\t{\"@context\":\"https:\\\/\\\/schema.org\",\"@graph\":[{\"@type\":\"Article\",\"@id\":\"https:\\\/\\\/www.encontragoiania.com.br\\\/sobre\\\/de-bolo-a-desfile-civico-veja-a-programacao-para-o-aniversario-de-104-anos-de-aparecida-de-goiania\\\/#article\",\"name\":\"De bolo a desfile c\\u00edvico: veja a programa\\u00e7\\u00e3o para o anivers\\u00e1rio de 104 anos de Aparecida de Goi\\u00e2nia | Encontra Goi\\u00e2nia\",\"headline\":\"De bolo a desfile c\\u00edvico: veja a programa\\u00e7\\u00e3o para o anivers\\u00e1rio de 104 anos de Aparecida de Goi\\u00e2nia\",\"author\":{\"@id\":\"https:\\\/\\\/www.encontragoiania.com.br\\\/sobre\\\/author\\\/egoiania\\\/#author\"},\"publisher\":{\"@id\":\"https:\\\/\\\/www.encontragoiania.com.br\\\/sobre\\\/#organization\"},\"datePublished\":\"2026-05-12T04:47:45-03:00\",\"dateModified\":\"2026-05-12T04:47:45-03:00\",\"inLanguage\":\"pt-BR\",\"mainEntityOfPage\":{\"@id\":\"https:\\\/\\\/www.encontragoiania.com.br\\\/sobre\\\/de-bolo-a-desfile-civico-veja-a-programacao-para-o-aniversario-de-104-anos-de-aparecida-de-goiania\\\/#webpage\"},\"isPartOf\":{\"@id\":\"https:\\\/\\\/www.encontragoiania.com.br\\\/sobre\\\/de-bolo-a-desfile-civico-veja-a-programacao-para-o-aniversario-de-104-anos-de-aparecida-de-goiania\\\/#webpage\"},\"articleSection\":\"Cultura Goi\\u00e2nia\"},{\"@type\":\"BreadcrumbList\",\"@id\":\"https:\\\/\\\/www.encontragoiania.com.br\\\/sobre\\\/de-bolo-a-desfile-civico-veja-a-programacao-para-o-aniversario-de-104-anos-de-aparecida-de-goiania\\\/#breadcrumblist\",\"itemListElement\":[{\"@type\":\"ListItem\",\"@id\":\"https:\\\/\\\/www.encontragoiania.com.br\\\/sobre#listItem\",\"position\":1,\"name\":\"In\\u00edcio\",\"item\":\"https:\\\/\\\/www.encontragoiania.com.br\\\/sobre\",\"nextItem\":{\"@type\":\"ListItem\",\"@id\":\"https:\\\/\\\/www.encontragoiania.com.br\\\/sobre\\\/cultura-em-goiania\\\/#listItem\",\"name\":\"Cultura Goi\\u00e2nia\"}},{\"@type\":\"ListItem\",\"@id\":\"https:\\\/\\\/www.encontragoiania.com.br\\\/sobre\\\/cultura-em-goiania\\\/#listItem\",\"position\":2,\"name\":\"Cultura Goi\\u00e2nia\",\"item\":\"https:\\\/\\\/www.encontragoiania.com.br\\\/sobre\\\/cultura-em-goiania\\\/\",\"nextItem\":{\"@type\":\"ListItem\",\"@id\":\"https:\\\/\\\/www.encontragoiania.com.br\\\/sobre\\\/de-bolo-a-desfile-civico-veja-a-programacao-para-o-aniversario-de-104-anos-de-aparecida-de-goiania\\\/#listItem\",\"name\":\"De bolo a desfile c\\u00edvico: veja a programa\\u00e7\\u00e3o para o anivers\\u00e1rio de 104 anos de Aparecida de Goi\\u00e2nia\"},\"previousItem\":{\"@type\":\"ListItem\",\"@id\":\"https:\\\/\\\/www.encontragoiania.com.br\\\/sobre#listItem\",\"name\":\"In\\u00edcio\"}},{\"@type\":\"ListItem\",\"@id\":\"https:\\\/\\\/www.encontragoiania.com.br\\\/sobre\\\/de-bolo-a-desfile-civico-veja-a-programacao-para-o-aniversario-de-104-anos-de-aparecida-de-goiania\\\/#listItem\",\"position\":3,\"name\":\"De bolo a desfile c\\u00edvico: veja a programa\\u00e7\\u00e3o para o anivers\\u00e1rio de 104 anos de Aparecida de Goi\\u00e2nia\",\"previousItem\":{\"@type\":\"ListItem\",\"@id\":\"https:\\\/\\\/www.encontragoiania.com.br\\\/sobre\\\/cultura-em-goiania\\\/#listItem\",\"name\":\"Cultura Goi\\u00e2nia\"}}]},{\"@type\":\"Organization\",\"@id\":\"https:\\\/\\\/www.encontragoiania.com.br\\\/sobre\\\/#organization\",\"name\":\"Encontra Goi\\u00e2nia\",\"description\":\"Not\\u00edcias, eventos, informa\\u00e7\\u00f5es e dicas na cidade Goi\\u00e2nia e regi\\u00e3o.\",\"url\":\"https:\\\/\\\/www.encontragoiania.com.br\\\/sobre\\\/\"},{\"@type\":\"Person\",\"@id\":\"https:\\\/\\\/www.encontragoiania.com.br\\\/sobre\\\/author\\\/egoiania\\\/#author\",\"url\":\"https:\\\/\\\/www.encontragoiania.com.br\\\/sobre\\\/author\\\/egoiania\\\/\",\"name\":\"Encontra Goi\\u00e2nia\",\"image\":{\"@type\":\"ImageObject\",\"@id\":\"https:\\\/\\\/www.encontragoiania.com.br\\\/sobre\\\/de-bolo-a-desfile-civico-veja-a-programacao-para-o-aniversario-de-104-anos-de-aparecida-de-goiania\\\/#authorImage\",\"url\":\"https:\\\/\\\/secure.gravatar.com\\\/avatar\\\/507340682b8270222e1f208e23198b6ae7e2c6a1033ae84e99bc6bce4f82a387?s=96&d=mm&r=g\",\"width\":96,\"height\":96,\"caption\":\"Encontra Goi\\u00e2nia\"}},{\"@type\":\"WebPage\",\"@id\":\"https:\\\/\\\/www.encontragoiania.com.br\\\/sobre\\\/de-bolo-a-desfile-civico-veja-a-programacao-para-o-aniversario-de-104-anos-de-aparecida-de-goiania\\\/#webpage\",\"url\":\"https:\\\/\\\/www.encontragoiania.com.br\\\/sobre\\\/de-bolo-a-desfile-civico-veja-a-programacao-para-o-aniversario-de-104-anos-de-aparecida-de-goiania\\\/\",\"name\":\"De bolo a desfile c\\u00edvico: veja a programa\\u00e7\\u00e3o para o anivers\\u00e1rio de 104 anos de Aparecida de Goi\\u00e2nia | Encontra Goi\\u00e2nia\",\"description\":\"Anivers\\u00e1rio de Aparecida de Goi\\u00e2nia promete desfile c\\u00edvico e 5 mil bolos para comemorar.\",\"inLanguage\":\"pt-BR\",\"isPartOf\":{\"@id\":\"https:\\\/\\\/www.encontragoiania.com.br\\\/sobre\\\/#website\"},\"breadcrumb\":{\"@id\":\"https:\\\/\\\/www.encontragoiania.com.br\\\/sobre\\\/de-bolo-a-desfile-civico-veja-a-programacao-para-o-aniversario-de-104-anos-de-aparecida-de-goiania\\\/#breadcrumblist\"},\"author\":{\"@id\":\"https:\\\/\\\/www.encontragoiania.com.br\\\/sobre\\\/author\\\/egoiania\\\/#author\"},\"creator\":{\"@id\":\"https:\\\/\\\/www.encontragoiania.com.br\\\/sobre\\\/author\\\/egoiania\\\/#author\"},\"datePublished\":\"2026-05-12T04:47:45-03:00\",\"dateModified\":\"2026-05-12T04:47:45-03:00\"},{\"@type\":\"WebSite\",\"@id\":\"https:\\\/\\\/www.encontragoiania.com.br\\\/sobre\\\/#website\",\"url\":\"https:\\\/\\\/www.encontragoiania.com.br\\\/sobre\\\/\",\"name\":\"Encontra Goi\\u00e2nia\",\"description\":\"Not\\u00edcias, eventos, informa\\u00e7\\u00f5es e dicas na cidade Goi\\u00e2nia e regi\\u00e3o.\",\"inLanguage\":\"pt-BR\",\"publisher\":{\"@id\":\"https:\\\/\\\/www.encontragoiania.com.br\\\/sobre\\\/#organization\"}}]}\n\t\t<\/script>\n\t\t<!-- All in One SEO -->\n\n","aioseo_head_json":{"title":"De bolo a desfile c\u00edvico: veja a programa\u00e7\u00e3o para o anivers\u00e1rio de 104 anos de Aparecida de Goi\u00e2nia | Encontra Goi\u00e2nia","description":"Anivers\u00e1rio de Aparecida de Goi\u00e2nia promete desfile c\u00edvico e 5 mil bolos para comemorar.","canonical_url":"https:\/\/www.encontragoiania.com.br\/sobre\/de-bolo-a-desfile-civico-veja-a-programacao-para-o-aniversario-de-104-anos-de-aparecida-de-goiania\/","robots":"max-image-preview:large","keywords":"","webmasterTools":{"miscellaneous":""},"schema":{"@context":"https:\/\/schema.org","@graph":[{"@type":"Article","@id":"https:\/\/www.encontragoiania.com.br\/sobre\/de-bolo-a-desfile-civico-veja-a-programacao-para-o-aniversario-de-104-anos-de-aparecida-de-goiania\/#article","name":"De bolo a desfile c\u00edvico: veja a programa\u00e7\u00e3o para o anivers\u00e1rio de 104 anos de Aparecida de Goi\u00e2nia | Encontra Goi\u00e2nia","headline":"De bolo a desfile c\u00edvico: veja a programa\u00e7\u00e3o para o anivers\u00e1rio de 104 anos de Aparecida de Goi\u00e2nia","author":{"@id":"https:\/\/www.encontragoiania.com.br\/sobre\/author\/egoiania\/#author"},"publisher":{"@id":"https:\/\/www.encontragoiania.com.br\/sobre\/#organization"},"datePublished":"2026-05-12T04:47:45-03:00","dateModified":"2026-05-12T04:47:45-03:00","inLanguage":"pt-BR","mainEntityOfPage":{"@id":"https:\/\/www.encontragoiania.com.br\/sobre\/de-bolo-a-desfile-civico-veja-a-programacao-para-o-aniversario-de-104-anos-de-aparecida-de-goiania\/#webpage"},"isPartOf":{"@id":"https:\/\/www.encontragoiania.com.br\/sobre\/de-bolo-a-desfile-civico-veja-a-programacao-para-o-aniversario-de-104-anos-de-aparecida-de-goiania\/#webpage"},"articleSection":"Cultura Goi\u00e2nia"},{"@type":"BreadcrumbList","@id":"https:\/\/www.encontragoiania.com.br\/sobre\/de-bolo-a-desfile-civico-veja-a-programacao-para-o-aniversario-de-104-anos-de-aparecida-de-goiania\/#breadcrumblist","itemListElement":[{"@type":"ListItem","@id":"https:\/\/www.encontragoiania.com.br\/sobre#listItem","position":1,"name":"In\u00edcio","item":"https:\/\/www.encontragoiania.com.br\/sobre","nextItem":{"@type":"ListItem","@id":"https:\/\/www.encontragoiania.com.br\/sobre\/cultura-em-goiania\/#listItem","name":"Cultura Goi\u00e2nia"}},{"@type":"ListItem","@id":"https:\/\/www.encontragoiania.com.br\/sobre\/cultura-em-goiania\/#listItem","position":2,"name":"Cultura Goi\u00e2nia","item":"https:\/\/www.encontragoiania.com.br\/sobre\/cultura-em-goiania\/","nextItem":{"@type":"ListItem","@id":"https:\/\/www.encontragoiania.com.br\/sobre\/de-bolo-a-desfile-civico-veja-a-programacao-para-o-aniversario-de-104-anos-de-aparecida-de-goiania\/#listItem","name":"De bolo a desfile c\u00edvico: veja a programa\u00e7\u00e3o para o anivers\u00e1rio de 104 anos de Aparecida de Goi\u00e2nia"},"previousItem":{"@type":"ListItem","@id":"https:\/\/www.encontragoiania.com.br\/sobre#listItem","name":"In\u00edcio"}},{"@type":"ListItem","@id":"https:\/\/www.encontragoiania.com.br\/sobre\/de-bolo-a-desfile-civico-veja-a-programacao-para-o-aniversario-de-104-anos-de-aparecida-de-goiania\/#listItem","position":3,"name":"De bolo a desfile c\u00edvico: veja a programa\u00e7\u00e3o para o anivers\u00e1rio de 104 anos de Aparecida de Goi\u00e2nia","previousItem":{"@type":"ListItem","@id":"https:\/\/www.encontragoiania.com.br\/sobre\/cultura-em-goiania\/#listItem","name":"Cultura Goi\u00e2nia"}}]},{"@type":"Organization","@id":"https:\/\/www.encontragoiania.com.br\/sobre\/#organization","name":"Encontra Goi\u00e2nia","description":"Not\u00edcias, eventos, informa\u00e7\u00f5es e dicas na cidade Goi\u00e2nia e regi\u00e3o.","url":"https:\/\/www.encontragoiania.com.br\/sobre\/"},{"@type":"Person","@id":"https:\/\/www.encontragoiania.com.br\/sobre\/author\/egoiania\/#author","url":"https:\/\/www.encontragoiania.com.br\/sobre\/author\/egoiania\/","name":"Encontra Goi\u00e2nia","image":{"@type":"ImageObject","@id":"https:\/\/www.encontragoiania.com.br\/sobre\/de-bolo-a-desfile-civico-veja-a-programacao-para-o-aniversario-de-104-anos-de-aparecida-de-goiania\/#authorImage","url":"https:\/\/secure.gravatar.com\/avatar\/507340682b8270222e1f208e23198b6ae7e2c6a1033ae84e99bc6bce4f82a387?s=96&d=mm&r=g","width":96,"height":96,"caption":"Encontra Goi\u00e2nia"}},{"@type":"WebPage","@id":"https:\/\/www.encontragoiania.com.br\/sobre\/de-bolo-a-desfile-civico-veja-a-programacao-para-o-aniversario-de-104-anos-de-aparecida-de-goiania\/#webpage","url":"https:\/\/www.encontragoiania.com.br\/sobre\/de-bolo-a-desfile-civico-veja-a-programacao-para-o-aniversario-de-104-anos-de-aparecida-de-goiania\/","name":"De bolo a desfile c\u00edvico: veja a programa\u00e7\u00e3o para o anivers\u00e1rio de 104 anos de Aparecida de Goi\u00e2nia | Encontra Goi\u00e2nia","description":"Anivers\u00e1rio de Aparecida de Goi\u00e2nia promete desfile c\u00edvico e 5 mil bolos para comemorar.","inLanguage":"pt-BR","isPartOf":{"@id":"https:\/\/www.encontragoiania.com.br\/sobre\/#website"},"breadcrumb":{"@id":"https:\/\/www.encontragoiania.com.br\/sobre\/de-bolo-a-desfile-civico-veja-a-programacao-para-o-aniversario-de-104-anos-de-aparecida-de-goiania\/#breadcrumblist"},"author":{"@id":"https:\/\/www.encontragoiania.com.br\/sobre\/author\/egoiania\/#author"},"creator":{"@id":"https:\/\/www.encontragoiania.com.br\/sobre\/author\/egoiania\/#author"},"datePublished":"2026-05-12T04:47:45-03:00","dateModified":"2026-05-12T04:47:45-03:00"},{"@type":"WebSite","@id":"https:\/\/www.encontragoiania.com.br\/sobre\/#website","url":"https:\/\/www.encontragoiania.com.br\/sobre\/","name":"Encontra Goi\u00e2nia","description":"Not\u00edcias, eventos, informa\u00e7\u00f5es e dicas na cidade Goi\u00e2nia e regi\u00e3o.","inLanguage":"pt-BR","publisher":{"@id":"https:\/\/www.encontragoiania.com.br\/sobre\/#organization"}}]},"og:locale":"pt_BR","og:site_name":"Encontra Goi\u00e2nia | Not\u00edcias, eventos, informa\u00e7\u00f5es e dicas na cidade Goi\u00e2nia e regi\u00e3o.","og:type":"article","og:title":"De bolo a desfile c\u00edvico: veja a programa\u00e7\u00e3o para o anivers\u00e1rio de 104 anos de Aparecida de Goi\u00e2nia | Encontra Goi\u00e2nia","og:description":"Anivers\u00e1rio de Aparecida de Goi\u00e2nia promete desfile c\u00edvico e 5 mil bolos para comemorar.","og:url":"https:\/\/www.encontragoiania.com.br\/sobre\/de-bolo-a-desfile-civico-veja-a-programacao-para-o-aniversario-de-104-anos-de-aparecida-de-goiania\/","article:published_time":"2026-05-12T07:47:45+00:00","article:modified_time":"2026-05-12T07:47:45+00:00","twitter:card":"summary","twitter:title":"De bolo a desfile c\u00edvico: veja a programa\u00e7\u00e3o para o anivers\u00e1rio de 104 anos de Aparecida de Goi\u00e2nia | Encontra Goi\u00e2nia","twitter:description":"Anivers\u00e1rio de Aparecida de Goi\u00e2nia promete desfile c\u00edvico e 5 mil bolos para comemorar."},"aioseo_meta_data":{"post_id":"4164","title":null,"description":null,"keywords":null,"keyphrases":null,"primary_term":null,"canonical_url":null,"og_title":null,"og_description":null,"og_object_type":"default","og_image_type":"default","og_image_url":null,"og_image_width":null,"og_image_height":null,"og_image_custom_url":null,"og_image_custom_fields":null,"og_video":null,"og_custom_url":null,"og_article_section":null,"og_article_tags":null,"twitter_use_og":false,"twitter_card":"default","twitter_image_type":"default","twitter_image_url":null,"twitter_image_custom_url":null,"twitter_image_custom_fields":null,"twitter_title":null,"twitter_description":null,"schema":{"blockGraphs":[],"customGraphs":[],"default":{"data":{"Article":[],"Course":[],"Dataset":[],"FAQPage":[],"Movie":[],"Person":[],"Product":[],"ProductReview":[],"Car":[],"Recipe":[],"Service":[],"SoftwareApplication":[],"WebPage":[]},"graphName":"Article","isEnabled":true},"graphs":[]},"schema_type":"default","schema_type_options":null,"pillar_content":false,"robots_default":true,"robots_noindex":false,"robots_noarchive":false,"robots_nosnippet":false,"robots_nofollow":false,"robots_noimageindex":false,"robots_noodp":false,"robots_notranslate":false,"robots_max_snippet":null,"robots_max_videopreview":null,"robots_max_imagepreview":"large","priority":null,"frequency":null,"local_seo":null,"breadcrumb_settings":null,"limit_modified_date":false,"ai":null,"created":"2026-05-12 12:25:58","updated":"2026-05-23 04:26:12","focus_keyword":null,"additional_keywords":null,"truseo_locale":null,"seo_analyzer_scan_date":null},"aioseo_breadcrumb":"<div class=\"aioseo-breadcrumbs\"><span class=\"aioseo-breadcrumb\">\n\t\t\t<a href=\"https:\/\/www.encontragoiania.com.br\/sobre\" title=\"In\u00edcio\">In\u00edcio<\/a>\n\t\t<\/span><span class=\"aioseo-breadcrumb-separator\">&raquo;<\/span><span class=\"aioseo-breadcrumb\">\n\t\t\t<a href=\"https:\/\/www.encontragoiania.com.br\/sobre\/cultura-em-goiania\/\" title=\"Cultura Goi\u00e2nia\">Cultura Goi\u00e2nia<\/a>\n\t\t<\/span><span class=\"aioseo-breadcrumb-separator\">&raquo;<\/span><span class=\"aioseo-breadcrumb\">\n\t\t\tDe bolo a desfile c\u00edvico: veja a programa\u00e7\u00e3o para o anivers\u00e1rio de 104 anos de Aparecida de Goi\u00e2nia\n\t\t<\/span><\/div>","aioseo_breadcrumb_json":[{"label":"In\u00edcio","link":"https:\/\/www.encontragoiania.com.br\/sobre"},{"label":"Cultura Goi\u00e2nia","link":"https:\/\/www.encontragoiania.com.br\/sobre\/cultura-em-goiania\/"},{"label":"De bolo a desfile c\u00edvico: veja a programa\u00e7\u00e3o para o anivers\u00e1rio de 104 anos de Aparecida de Goi\u00e2nia","link":"https:\/\/www.encontragoiania.com.br\/sobre\/de-bolo-a-desfile-civico-veja-a-programacao-para-o-aniversario-de-104-anos-de-aparecida-de-goiania\/"}],"_links":{"self":[{"href":"https:\/\/www.encontragoiania.com.br\/sobre\/wp-json\/wp\/v2\/posts\/4164","targetHints":{"allow":["GET"]}}],"collection":[{"href":"https:\/\/www.encontragoiania.com.br\/sobre\/wp-json\/wp\/v2\/posts"}],"about":[{"href":"https:\/\/www.encontragoiania.com.br\/sobre\/wp-json\/wp\/v2\/types\/post"}],"author":[{"embeddable":true,"href":"https:\/\/www.encontragoiania.com.br\/sobre\/wp-json\/wp\/v2\/users\/1"}],"replies":[{"embeddable":true,"href":"https:\/\/www.encontragoiania.com.br\/sobre\/wp-json\/wp\/v2\/comments?post=4164"}],"version-history":[{"count":0,"href":"https:\/\/www.encontragoiania.com.br\/sobre\/wp-json\/wp\/v2\/posts\/4164\/revisions"}],"wp:attachment":[{"href":"https:\/\/www.encontragoiania.com.br\/sobre\/wp-json\/wp\/v2\/media?parent=4164"}],"wp:term":[{"taxonomy":"category","embeddable":true,"href":"https:\/\/www.encontragoiania.com.br\/sobre\/wp-json\/wp\/v2\/categories?post=4164"},{"taxonomy":"post_tag","embeddable":true,"href":"https:\/\/www.encontragoiania.com.br\/sobre\/wp-json\/wp\/v2\/tags?post=4164"}],"curies":[{"name":"wp","href":"https:\/\/api.w.org\/{rel}","templated":true}]}}