{"id":4112,"date":"2026-05-01T04:42:56","date_gmt":"2026-05-01T07:42:56","guid":{"rendered":"https:\/\/www.encontragoiania.com.br\/sobre\/edival-lourenco-lanca-coletanea-que-reune-duas-decadas-de-critica-literaria-em-goiania\/"},"modified":"2026-05-01T04:42:56","modified_gmt":"2026-05-01T07:42:56","slug":"edival-lourenco-lanca-coletanea-que-reune-duas-decadas-de-critica-literaria-em-goiania","status":"publish","type":"post","link":"https:\/\/www.encontragoiania.com.br\/sobre\/edival-lourenco-lanca-coletanea-que-reune-duas-decadas-de-critica-literaria-em-goiania\/","title":{"rendered":"Edival Louren\u00e7o lan\u00e7a colet\u00e2nea que re\u00fane duas d\u00e9cadas de cr\u00edtica liter\u00e1ria em Goi\u00e2nia"},"content":{"rendered":"<div class=\"196752fdcd61442359b13893514e4d90\" data-index=\"1\" style=\"float: none; margin:0px;\">\n<!-- Anuncio display - global -->\r\n<ins class=\"adsbygoogle\"\r\n     style=\"display:block\"\r\n     data-ad-client=\"ca-pub-8585364105181520\"\r\n     data-ad-slot=\"8789329856\"\r\n     data-ad-format=\"auto\"\r\n     data-full-width-responsive=\"true\"><\/ins>\r\n<script>\r\n     (adsbygoogle = window.adsbygoogle || []).push({});\r\n<\/script>\n<\/div>\n<h2>O Lan\u00e7amento do Livro: Um Evento Marcante<\/h2>\n<p>No dia 30 de abril, \u00e0s 19h, ocorrer\u00e1 um evento significativo para o cen\u00e1rio liter\u00e1rio de Goi\u00e2nia, marcado pelo lan\u00e7amento do livro <strong>Momento Cr\u00edtico \u2013 Ensaios, resenhas e pref\u00e1cios<\/strong>, de <strong>Edival Louren\u00e7o<\/strong>. A cerim\u00f4nia ser\u00e1 realizada na sede da <strong>Uni\u00e3o Brasileira de Escritores<\/strong> (UBE), localizada no Centro da capital. Este momento n\u00e3o apenas celebra a obra do autor, mas tamb\u00e9m evidencia a import\u00e2ncia da cr\u00edtica liter\u00e1ria na forma\u00e7\u00e3o e desenvolvimento da literatura brasileira.<\/p>\n<h2>A Colet\u00e2nea e seus Principais Temas<\/h2>\n<p>A colet\u00e2nea que ser\u00e1 lan\u00e7ada apresenta uma variedade de ensaios, resenhas e pref\u00e1cios que refletem a trajet\u00f3ria de Edival Louren\u00e7o ao longo de duas d\u00e9cadas. Os textos exploram uma ampla gama de assuntos relacionados \u00e0 literatura, abrangendo desde cr\u00edticos consagrados at\u00e9 os novos talentos que est\u00e3o se destacando.<\/p>\n<p>Os temas abordados na obra s\u00e3o diversos, e visam n\u00e3o apenas informar, mas tamb\u00e9m provocar discuss\u00f5es profundas sobre a produ\u00e7\u00e3o liter\u00e1ria contempor\u00e2nea, especialmente a goiana. A colet\u00e2nea promove uma reflex\u00e3o cr\u00edtica sobre tend\u00eancias e estilos que marcaram pauta e relev\u00e2ncia na literatura do Estado e do pa\u00eds.<\/p>\n<p><img decoding=\"async\" src=\"https:\/\/www.encontragoiania.com.br\/sobre\/wp-content\/uploads\/2026\/05\/edival-lourenco-lanca-coletanea-que-reune-duas-decadas-de-critica-literaria-em-goiania.webp\" alt=\"Edival Louren\u00e7o cr\u00edtica liter\u00e1ria Goi\u00e2nia\" loading=\"lazy\" \/><\/p>\n<h2>A Relev\u00e2ncia da Cr\u00edtica Liter\u00e1ria na Atualidade<\/h2>\n<p>A cr\u00edtica liter\u00e1ria se mostra essencial na contemporaneidade, em um cen\u00e1rio onde in\u00fameras obras s\u00e3o produzidas a cada ano. O papel do cr\u00edtico \u00e9 fundamental para guiar os leitores, fornecendo an\u00e1lises que v\u00e3o al\u00e9m da superf\u00edcie dos textos. Edival Louren\u00e7o, por meio de sua escrita, contribui para que a literatura goiana ganhe visibilidade e para que os leitores possam compreender melhor as nuances e camadas que comp\u00f5em as obras liter\u00e1rias.<\/p>\n<p>Al\u00e9m disso, a cr\u00edtica liter\u00e1ria ajuda a preservar e a promover a cultura local, valorizando a produ\u00e7\u00e3o de escritores que, muitas vezes, n\u00e3o recebem a aten\u00e7\u00e3o merecida nos circuitos mais amplos. O livro de Louren\u00e7o \u00e9 uma resposta a essa necessidade, oferecendo um comp\u00eandio de vozes que merecem ser ouvidas.<\/p>\n<h2>Edival Louren\u00e7o e sua Contribui\u00e7\u00e3o para a Literatura<\/h2>\n<p>Edival Louren\u00e7o \u00e9 um nome respeitado no campo liter\u00e1rio, conhecido por sua dedica\u00e7\u00e3o e paix\u00e3o em promover e analisar a literatura. Seu comprometimento ao longo dos anos resultou em uma obra rica em conte\u00fado e profundamente reflexiva. A colet\u00e2nea \u00e9 um testemunho n\u00e3o apenas de suas habilidades como escritor e cr\u00edtico, mas tamb\u00e9m de sua vis\u00e3o do papel da literatura na sociedade.<\/p>\n<p>Seu trabalho integra a perspectiva cr\u00edtica com uma sensibilidade \u00fanica, permitindo que os leitores encontrem conex\u00f5es e significados que muitas vezes passam despercebidos. Louren\u00e7o frequentemente conduz os leitores a uma jornada atrav\u00e9s das letras, onde a literatura se encontra com as experi\u00eancias humanas e culturais de Goi\u00e1s.<\/p>\n<h2>Explorando a Produ\u00e7\u00e3o Liter\u00e1ria Goiana<\/h2>\n<p>Um dos destaques da obra \u00e9 a \u00eanfase na produ\u00e7\u00e3o liter\u00e1ria de Goi\u00e1s. Especial aten\u00e7\u00e3o \u00e9 dada a autores locais, os quais Louren\u00e7o considera fundamentais para a forma\u00e7\u00e3o da identidade liter\u00e1ria do Estado. Ao incluir seus textos na colet\u00e2nea, ele busca ampliar o reconhecimento desses escritores, mostrando que Goi\u00e1s n\u00e3o apenas faz parte do territ\u00f3rio liter\u00e1rio, mas que tamb\u00e9m possui vozes potentes e significativas a serem ouvidas.<\/p>\n<p>Na colet\u00e2nea, o autor n\u00e3o se limita a analisar apenas a literatura goiana, mas tamb\u00e9m estabelece di\u00e1logos entre a produ\u00e7\u00e3o local e as tend\u00eancias nacionais e internacionais, enriquecendo ainda mais a discuss\u00e3o. Esse aspecto se torna vital em um mundo liter\u00e1rio cada vez mais interconectado.<\/p>\n<h2>Perspectivas para o Futuro da Literatura Local<\/h2>\n<p>O lan\u00e7amento de <strong>Momento Cr\u00edtico<\/strong> n\u00e3o s\u00f3 comemora a carreira de Edival Louren\u00e7o, mas tamb\u00e9m abre um leque de perspectivas para o futuro da literatura em Goi\u00e1s. A obra funciona como um convite \u00e0 nova gera\u00e7\u00e3o de escritores e cr\u00edticos, incentivando-os a explorar e questionar a literatura de maneiras novas e inovadoras.<\/p>\n<p>Com a democratiza\u00e7\u00e3o do acesso \u00e0 informa\u00e7\u00e3o e a inclus\u00e3o de novas m\u00eddias, o cen\u00e1rio liter\u00e1rio se expande, oferecendo novas plataformas para a divulga\u00e7\u00e3o e discuss\u00e3o de ideias. \u00c9 fundamental que escritores e cr\u00edticos se aproveitem dessa nova realidade, contribuindo para o fortalecimento da literatura local.<\/p>\n<h2>Como o Livro Pode Ajudar Estudantes e Professores<\/h2>\n<p>Para professores e estudantes das \u00e1reas de Letras e Literatura, <strong>Momento Cr\u00edtico<\/strong> se apresenta como uma ferramenta inestim\u00e1vel. A obra \u00e9 ideal para discuss\u00f5es em sala de aula, permitindo que alunos e educadores abordem temas relevantes e contempor\u00e2neos. Os ensaios estimulam o pensamento cr\u00edtico e a an\u00e1lise aprofundada de textos, promovendo um ambiente de aprendizado din\u00e2mico e interativo.<\/p>\n<p>Ao utilizar a colet\u00e2nea como fonte de pesquisa, estudantes podem desenvolver suas habilidades anal\u00edticas e sua capacidade de argumenta\u00e7\u00e3o. Para os professores, o livro \u00e9 uma forma de introduzir autores e obras significativas que podem enriquecer o curr\u00edculo escolar e despertar o interesse dos alunos pela leitura.<\/p>\n<h2>A Influ\u00eancia do Governo de Goi\u00e1s na Literatura<\/h2>\n<p>O apoio do <strong>Governo de Goi\u00e1s<\/strong> \u00e0 produ\u00e7\u00e3o liter\u00e1ria local, atrav\u00e9s do <strong>Programa Goyazes<\/strong>, \u00e9 um aspecto importante a ser considerado. Este programa busca fomentar a cultura e a literatura, oferecendo suporte a iniciativas que promovam a produ\u00e7\u00e3o art\u00edstica no Estado.<\/p>\n<p>Esse suporte \u00e9 fundamental para que autores corrijam a visibilidade de suas obras e alcancem um p\u00fablico mais amplo. O fato de o governo incentivar projetos liter\u00e1rios \u00e9 um bom indicador do compromisso com a cultura e a educa\u00e7\u00e3o, \u00e1reas que s\u00e3o essenciais para o desenvolvimento de qualquer sociedade.<\/p>\n<h2>Reflex\u00f5es sobre a Cr\u00edtica Liter\u00e1ria<\/h2>\n<p>A colet\u00e2nea de Edival Louren\u00e7o prop\u00f5e uma s\u00e9rie de reflex\u00f5es sobre o papel da cr\u00edtica liter\u00e1ria. Os textos questionam o que significa ser um cr\u00edtico na atualidade, e como essa fun\u00e7\u00e3o se relaciona com a produ\u00e7\u00e3o liter\u00e1ria. A cr\u00edtica deve ser uma ponte entre a obra e o leitor, e Louren\u00e7o busca, atrav\u00e9s de sua escrita, criar uma conex\u00e3o que n\u00e3o apenas informa, mas tamb\u00e9m enriquece a experi\u00eancia liter\u00e1ria.<\/p>\n<p>Atrav\u00e9s de seus ensaios e resenhas, o autor analisa as transforma\u00e7\u00f5es da literatura e como elas se relacionam com a sociedade, a pol\u00edtica e a cultura. A cr\u00edtica liter\u00e1ria, assim, n\u00e3o se limita a avaliar a qualidade de uma obra, mas tamb\u00e9m se prop\u00f5e a entender o contexto em que ela \u00e9 criada.<\/p>\n<h2>Um Convite \u00e0 Leitura e \u00e0 Discuss\u00e3o<\/h2>\n<p>Por fim, <strong>Momento Cr\u00edtico<\/strong> n\u00e3o \u00e9 apenas um livro; \u00e9 um convite para todos que apreciam a literatura. Edival Louren\u00e7o desafia o leitor a ir al\u00e9m da leitura superficial e a se aprofundar nas nuances dos textos. A colet\u00e2nea \u00e9 uma oportunidade de promover discuss\u00f5es significativas sobre literatura e a experi\u00eancia de leitura.<\/p>\n<p>Convidamos a todos para o lan\u00e7amento do livro e para se tornarem parte desta celebra\u00e7\u00e3o da literatura goiana. Juntos, podemos enriquecer nosso entendimento sobre a literatura e, consequentemente, fortalecer a cultura liter\u00e1ria no Brasil.<\/p>\n\n<div style=\"font-size: 0px; height: 0px; line-height: 0px; margin: 0; padding: 0; clear: both;\"><\/div>","protected":false},"excerpt":{"rendered":"<p>Edival Louren\u00e7o apresenta colet\u00e2nea que compila duas d\u00e9cadas de cr\u00edtica liter\u00e1ria em Goi\u00e2nia.<\/p>\n","protected":false},"author":1,"featured_media":4111,"comment_status":"closed","ping_status":"closed","sticky":false,"template":"","format":"standard","meta":{"footnotes":""},"categories":[6],"tags":[],"class_list":["post-4112","post","type-post","status-publish","format-standard","has-post-thumbnail","hentry","category-noticias-em-goiania","has_thumb"],"aioseo_notices":[],"_links":{"self":[{"href":"https:\/\/www.encontragoiania.com.br\/sobre\/wp-json\/wp\/v2\/posts\/4112","targetHints":{"allow":["GET"]}}],"collection":[{"href":"https:\/\/www.encontragoiania.com.br\/sobre\/wp-json\/wp\/v2\/posts"}],"about":[{"href":"https:\/\/www.encontragoiania.com.br\/sobre\/wp-json\/wp\/v2\/types\/post"}],"author":[{"embeddable":true,"href":"https:\/\/www.encontragoiania.com.br\/sobre\/wp-json\/wp\/v2\/users\/1"}],"replies":[{"embeddable":true,"href":"https:\/\/www.encontragoiania.com.br\/sobre\/wp-json\/wp\/v2\/comments?post=4112"}],"version-history":[{"count":0,"href":"https:\/\/www.encontragoiania.com.br\/sobre\/wp-json\/wp\/v2\/posts\/4112\/revisions"}],"wp:featuredmedia":[{"embeddable":true,"href":"https:\/\/www.encontragoiania.com.br\/sobre\/wp-json\/wp\/v2\/media\/4111"}],"wp:attachment":[{"href":"https:\/\/www.encontragoiania.com.br\/sobre\/wp-json\/wp\/v2\/media?parent=4112"}],"wp:term":[{"taxonomy":"category","embeddable":true,"href":"https:\/\/www.encontragoiania.com.br\/sobre\/wp-json\/wp\/v2\/categories?post=4112"},{"taxonomy":"post_tag","embeddable":true,"href":"https:\/\/www.encontragoiania.com.br\/sobre\/wp-json\/wp\/v2\/tags?post=4112"}],"curies":[{"name":"wp","href":"https:\/\/api.w.org\/{rel}","templated":true}]}}