{"id":4032,"date":"2026-04-13T04:56:58","date_gmt":"2026-04-13T07:56:58","guid":{"rendered":"https:\/\/www.encontragoiania.com.br\/sobre\/8o-festival-lanterna-magica-de-goiania\/"},"modified":"2026-04-13T04:56:58","modified_gmt":"2026-04-13T07:56:58","slug":"8o-festival-lanterna-magica-de-goiania","status":"publish","type":"post","link":"https:\/\/www.encontragoiania.com.br\/sobre\/8o-festival-lanterna-magica-de-goiania\/","title":{"rendered":"8\u00ba Festival Lanterna M\u00e1gica, de Goi\u00e2nia"},"content":{"rendered":"<div class=\"196752fdcd61442359b13893514e4d90\" data-index=\"1\" style=\"float: none; margin:0px;\">\n<!-- Anuncio display - global -->\r\n<ins class=\"adsbygoogle\"\r\n     style=\"display:block\"\r\n     data-ad-client=\"ca-pub-8585364105181520\"\r\n     data-ad-slot=\"8789329856\"\r\n     data-ad-format=\"auto\"\r\n     data-full-width-responsive=\"true\"><\/ins>\r\n<script>\r\n     (adsbygoogle = window.adsbygoogle || []).push({});\r\n<\/script>\n<\/div>\n<h2>O que \u00e9 o Festival Lanterna M\u00e1gica?<\/h2>\n<p>O <strong>Festival Lanterna M\u00e1gica<\/strong> \u00e9 um evento que celebra a anima\u00e7\u00e3o, destacando produ\u00e7\u00f5es brasileiras e internacionais de anima\u00e7\u00e3o. Desde a sua primeira edi\u00e7\u00e3o em 2017, o festival tem se tornado um robusto ponto de encontro para profissionais, estudantes, e f\u00e3s da arte da anima\u00e7\u00e3o. O festival ocorre em Goi\u00e2nia, contribuindo para a promo\u00e7\u00e3o da cultura da anima\u00e7\u00e3o no Brasil.<\/p>\n<h2>A Import\u00e2ncia da Anima\u00e7\u00e3o na Cultura Brasileira<\/h2>\n<p>A anima\u00e7\u00e3o ocupa um espa\u00e7o significativo na cultura brasileira, destacando-se pela sua diversidade e riqueza est\u00e9tica. Este festival n\u00e3o s\u00f3 exibe obras de anima\u00e7\u00e3o, mas tamb\u00e9m serve como um meio para discutir as narrativas que estas produ\u00e7\u00f5es trazem. A anima\u00e7\u00e3o permite que hist\u00f3rias sejam contadas de forma criativa, engajando o p\u00fablico em temas relevantes e universais. O <strong>Lanterna M\u00e1gica<\/strong> \u00e9 um reflexo dessa vitalidade cultural, permitindo que a anima\u00e7\u00e3o brasileira se posicione frente a outros mercados internacionais.<\/p>\n<h2>Filmes Premiados: Vencedores da \u00daltima Edi\u00e7\u00e3o<\/h2>\n<p>Na edi\u00e7\u00e3o mais recente do festival, diversos filmes foram reconhecidos por sua qualidade e inova\u00e7\u00e3o. O encerramento do evento foi marcado pela entrega de <strong>19 trof\u00e9us<\/strong> para produ\u00e7\u00f5es que se destacaram em diferentes categorias. Abaixo, est\u00e3o os vencedores:<\/p>\n<h3>Mostra Competitiva de Longas Ibero-Americanos<\/h3>\n<ul>\n<li><strong>Pr\u00eamio da Imprensa:<\/strong> &#8220;Papaya&#8221;, de Priscilla Kellen, Brasil<\/li>\n<li><strong>J\u00fari Popular:<\/strong> &#8220;Nimuendaj\u00fa&#8221;, de Tania Anaya, Brasil<\/li>\n<li><strong>Melhor Filme:<\/strong> &#8220;Nimuendaj\u00fa&#8221;, de Tania Anaya, Brasil<\/li>\n<li><strong>Melhor Dire\u00e7\u00e3o:<\/strong> &#8220;Ol\u00edvia e as Nuvens&#8221;, de Tom\u00e1s Pichardo Espaillat, Rep\u00fablica Dominicana<\/li>\n<li><strong>Melhor Roteiro:<\/strong> &#8220;Papaya&#8221;, de Priscilla Kellen, Brasil<\/li>\n<li><strong>Melhor Dire\u00e7\u00e3o de Arte:<\/strong> &#8220;Glory and Freedo&#8221;, de Let\u00edcia Sim\u00f5es, Brasil<\/li>\n<li><strong>Melhor Desenho de Som:<\/strong> &#8220;Nimuendaj\u00ed&#8221;, de Tania Anaya, Brasil<\/li>\n<li><strong>Melhor T\u00e9cnica de Anima\u00e7\u00e3o:<\/strong> &#8220;Ol\u00edvia e as Nuvens&#8221;, de Tom\u00e1s Pichardo Espaillat, Rep\u00fablica Dominicana<\/li>\n<li><strong>Melhor Trilha Musical:<\/strong> &#8220;Papaya&#8221;, de Priscilla Kellen, Brasil<\/li>\n<\/ul>\n<h3>Mostra Competitiva Estudantil<\/h3>\n<ul>\n<li><strong>Pr\u00eamio da Imprensa:<\/strong> &#8220;Skin Flick&#8221;, de Daniela Del Castello, Gobelins Paris, Fran\u00e7a<\/li>\n<li><strong>J\u00fari Popular:<\/strong> &#8220;Farewell&#8221;, de Ximena \u00c1lvarez Portilla, Escena Guadalajara, M\u00e9xico<\/li>\n<li><strong>Melhor Filme:<\/strong> &#8220;My Organs Lying on the Ground&#8221;, de Shinobu Soejima, Tokyo University of the Arts, Jap\u00e3o<\/li>\n<li><strong>Men\u00e7\u00e3o Honrosa:<\/strong> &#8220;Perdi um Peda\u00e7o Meu&#8221;, de Cassius Gaio Gomes de Senna, UFRJ, Brasil<\/li>\n<li><strong>Men\u00e7\u00e3o Honrosa:<\/strong> &#8220;Maninho&#8221;, de Erik Cruz, Gobelins Paris, Brasil<\/li>\n<\/ul>\n<h3>Mostra Competitiva Internacional<\/h3>\n<ul>\n<li><strong>Pr\u00eamio da Imprensa:<\/strong> &#8220;The Quinta&#8217;s Ghost&#8221;, de James A. Castillo, Espanha<\/li>\n<li><strong>J\u00fari Popular:<\/strong> &#8220;Once in a Body&#8221;, de Mar\u00eda Cristina P\u00e9rez, Col\u00f4mbia<\/li>\n<li><strong>Melhor Filme:<\/strong> &#8220;The Quinta&#8217;s Ghost&#8221;, de James A. Castillo, Espanha<\/li>\n<li><strong>Melhor Dire\u00e7\u00e3o:<\/strong> &#8220;Sulaimani&#8221;, de Vinnie Ann Bose, Fran\u00e7a<\/li>\n<li><strong>Melhor Roteiro:<\/strong> &#8220;Ovary-acting&#8221;, de Ida Melum, Reino Unido<\/li>\n<li><strong>Melhor Dire\u00e7\u00e3o de Arte:<\/strong> &#8220;Once in a Body&#8221;, de Mar\u00eda Cristina P\u00e9rez, Col\u00f4mbia<\/li>\n<li><strong>Melhor Desenho de Som:<\/strong> &#8220;Amarelo Banana&#8221;, de Alexandre Sousa, Portugal<\/li>\n<li><strong>Melhor T\u00e9cnica de Anima\u00e7\u00e3o:<\/strong> &#8220;The Night Boots&#8221;, de Pierre-Luc Granjon, Fran\u00e7a<\/li>\n<li><strong>Melhor Trilha Musical:<\/strong> &#8220;Balconada&#8221;, de Iva Tokmakchieva, Bulg\u00e1ria<\/li>\n<\/ul>\n<h3>Mostra Competitiva Brasileira<\/h3>\n<ul>\n<li><strong>Pr\u00eamio da Imprensa:<\/strong> &#8220;Tsuru&#8221;, de Pedro Anias, Bahia<\/li>\n<li><strong>J\u00fari Popular:<\/strong> &#8220;Medo de Cachorro&#8221;, de Italo Tapaj\u00f3s, Rio Grande do Norte<\/li>\n<li><strong>Melhor Filme:<\/strong> &#8220;Safo&#8221;, de Rosana Urbes, S\u00e3o Paulo<\/li>\n<li><strong>Melhor Dire\u00e7\u00e3o:<\/strong> &#8220;Kabuki&#8221;, de Tiago Minamisawa, S\u00e3o Paulo<\/li>\n<li><strong>Melhor Roteiro:<\/strong> &#8220;Como nasce um Rio&#8221;, de Luma Fl\u00f4res, Bahia<\/li>\n<li><strong>Melhor Dire\u00e7\u00e3o de Arte:<\/strong> &#8220;Safo&#8221;, de Rosana Urbes, S\u00e3o Paulo<\/li>\n<li><strong>Melhor Desenho de Som:<\/strong> &#8220;UPS&#8221;, de Galv\u00e3o Bertazzi e Lu\u00eds Canau, Santa Catarina<\/li>\n<li><strong>Melhor T\u00e9cnica de Anima\u00e7\u00e3o:<\/strong> &#8220;Kabuki&#8221;, de Tiago Minamisawa, S\u00e3o Paulo<\/li>\n<li><strong>Melhor Trilha Musical:<\/strong> &#8220;Laguna Plena&#8221;, de Carlon Hardt, Rimon, Paran\u00e1<\/li>\n<li><strong>Men\u00e7\u00e3o Honrosa:<\/strong> &#8220;Umassuma \u2013 Lascas de Mem\u00f3ria&#8221;, de Andrei Miralha e Guaracy Britto Junior, Par\u00e1<\/li>\n<\/ul>\n<h2>Espectadores e Participa\u00e7\u00e3o do P\u00fablico<\/h2>\n<p>Um dos destaques do <strong>Festival Lanterna M\u00e1gica<\/strong> \u00e9 a sua capacidade de atrair um p\u00fablico diversificado. Nesta \u00faltima edi\u00e7\u00e3o, mais de <strong>2.200 espectadores<\/strong> estiveram presentes nas exibi\u00e7\u00f5es, com uma parte significativa composta por crian\u00e7as que assistiram \u00e0s sess\u00f5es Lanterninha, dedicadas especialmente ao p\u00fablico jovem. Este envolvimento da comunidade n\u00e3o apenas enriquece o festival, mas tamb\u00e9m reflete o interesse crescente pela anima\u00e7\u00e3o no Brasil.<\/p>\n<h2>Oficinas e Atividades Formativas<\/h2>\n<p>A programa\u00e7\u00e3o do festival sempre inclui oficinas e masterclasses voltadas para a forma\u00e7\u00e3o de novos talentos na anima\u00e7\u00e3o. Com encontros realizados ao longo da semana, os participantes t\u00eam a oportunidade de aprender diretamente com profissionais renomados da ind\u00fastria, criando um espa\u00e7o vital para discuss\u00e3o e troca de conhecimentos sobre t\u00e9cnicas de anima\u00e7\u00e3o, roteiro e produ\u00e7\u00e3o. Essas iniciativas s\u00e3o essenciais para o desenvolvimento do setor, incentivando a profissionaliza\u00e7\u00e3o de jovens criadores e promovendo a troca de experi\u00eancias.<\/p>\n<h2>A Programa\u00e7\u00e3o do Festival<\/h2>\n<p>Durante a semana de celebra\u00e7\u00e3o da anima\u00e7\u00e3o, o <strong>Festival Lanterna M\u00e1gica<\/strong> apresentou <strong>32 sess\u00f5es<\/strong>, exibindo um total de <strong>87 filmes<\/strong> provenientes de <strong>21 pa\u00edses<\/strong>. Esta diversidade de conte\u00fados ilustra n\u00e3o apenas a riqueza de estilos existentes no universo da anima\u00e7\u00e3o, mas tamb\u00e9m ajuda a estabelecer conex\u00f5es entre os diferentes criadores e o p\u00fablico. Foram realizadas mostras competitivas que deram destaque a obras representativas do g\u00eanero, promovendo um interc\u00e2mbio cultural significativo.<\/p>\n<h2>Homenagens e Reconhecimentos<\/h2>\n<p>Um aspecto importante do festival \u00e9 a valoriza\u00e7\u00e3o da cultura local e dos artistas que contribu\u00edram para ela. Nesta edi\u00e7\u00e3o, o evento prestou uma homenagem especial a Coelho Nunes, um respeitado animador e pesquisador, celebrando sua contribui\u00e7\u00e3o para a cena cultural de Goi\u00e2nia. Este tipo de reconhecimento n\u00e3o s\u00f3 inspira novos artistas, como tamb\u00e9m refor\u00e7a as ra\u00edzes culturais do festival e seu impacto na preserva\u00e7\u00e3o da mem\u00f3ria art\u00edstica.<\/p>\n<h2>O Legado de Coelho Nunes<\/h2>\n<p>Coelho Nunes, homenageado na \u00faltima edi\u00e7\u00e3o do festival, \u00e9 uma figura de grande relev\u00e2ncia na anima\u00e7\u00e3o brasileira. Seu trabalho \u00e9 uma fonte de inspira\u00e7\u00e3o tanto para estudantes quanto para profissionais da \u00e1rea. O reconhecimento de seu legado durante o festival ressalta a import\u00e2ncia de figuras como ele na forma\u00e7\u00e3o da identidade e no fortalecimento da cultura da anima\u00e7\u00e3o no Brasil.<\/p>\n<h2>Como Participar do Festival<\/h2>\n<p>O <strong>Festival Lanterna M\u00e1gica<\/strong> est\u00e1 aberto a todos os interessados em anima\u00e7\u00e3o. Ultimamente, o festival tem se esfor\u00e7ado para integrar ainda mais o p\u00fablico em suas atividades. Para aqueles que desejam participar, seja como espectadores ou como competidores, as informa\u00e7\u00f5es sobre inscri\u00e7\u00f5es e programa s\u00e3o disponibilizadas no site oficial do festival. \u00c9 uma excelente oportunidade para os amantes da anima\u00e7\u00e3o e para aqueles que buscam expandir seus conhecimentos e experi\u00eancias na \u00e1rea.<\/p>\n<h2>Perspectivas Futuras para o Festival Lanterna M\u00e1gica<\/h2>\n<p>Com a crescente popularidade da anima\u00e7\u00e3o, o futuro do <strong>Festival Lanterna M\u00e1gica<\/strong> promete ser ainda mais brilhante. O evento continuar\u00e1 a se expandir, atraindo mais filmes e um p\u00fablico ainda mais diversificado. Espera-se que o festival mantenha seu papel de destaque em promover a anima\u00e7\u00e3o como uma forma de arte essencial e como uma plataforma para narrativas criativas. A cont\u00ednua dedica\u00e7\u00e3o \u00e0 forma\u00e7\u00e3o e ao apoio a novos talentos \u00e9 um indicativo de que o festival n\u00e3o s\u00f3 celebrar\u00e1 o que foi feito, mas tamb\u00e9m ser\u00e1 um elemento chave na constru\u00e7\u00e3o da anima\u00e7\u00e3o no Brasil nos pr\u00f3ximos anos.<\/p>\n\n<div style=\"font-size: 0px; height: 0px; line-height: 0px; margin: 0; padding: 0; clear: both;\"><\/div>","protected":false},"excerpt":{"rendered":"<p>Festival Lanterna M\u00e1gica apresenta os melhores filmes premiados de anima\u00e7\u00e3o em Goi\u00e2nia.<\/p>\n","protected":false},"author":1,"featured_media":0,"comment_status":"closed","ping_status":"closed","sticky":false,"template":"","format":"standard","meta":{"footnotes":""},"categories":[25],"tags":[],"class_list":["post-4032","post","type-post","status-publish","format-standard","hentry","category-cultura-em-goiania"],"aioseo_notices":[],"_links":{"self":[{"href":"https:\/\/www.encontragoiania.com.br\/sobre\/wp-json\/wp\/v2\/posts\/4032","targetHints":{"allow":["GET"]}}],"collection":[{"href":"https:\/\/www.encontragoiania.com.br\/sobre\/wp-json\/wp\/v2\/posts"}],"about":[{"href":"https:\/\/www.encontragoiania.com.br\/sobre\/wp-json\/wp\/v2\/types\/post"}],"author":[{"embeddable":true,"href":"https:\/\/www.encontragoiania.com.br\/sobre\/wp-json\/wp\/v2\/users\/1"}],"replies":[{"embeddable":true,"href":"https:\/\/www.encontragoiania.com.br\/sobre\/wp-json\/wp\/v2\/comments?post=4032"}],"version-history":[{"count":0,"href":"https:\/\/www.encontragoiania.com.br\/sobre\/wp-json\/wp\/v2\/posts\/4032\/revisions"}],"wp:attachment":[{"href":"https:\/\/www.encontragoiania.com.br\/sobre\/wp-json\/wp\/v2\/media?parent=4032"}],"wp:term":[{"taxonomy":"category","embeddable":true,"href":"https:\/\/www.encontragoiania.com.br\/sobre\/wp-json\/wp\/v2\/categories?post=4032"},{"taxonomy":"post_tag","embeddable":true,"href":"https:\/\/www.encontragoiania.com.br\/sobre\/wp-json\/wp\/v2\/tags?post=4032"}],"curies":[{"name":"wp","href":"https:\/\/api.w.org\/{rel}","templated":true}]}}