{"id":3468,"date":"2025-12-01T06:14:00","date_gmt":"2025-12-01T09:14:00","guid":{"rendered":"https:\/\/www.encontragoiania.com.br\/sobre\/so-vem-enem-reune-estudantes-em-goiania-neste-sabado\/"},"modified":"2025-12-01T06:14:00","modified_gmt":"2025-12-01T09:14:00","slug":"so-vem-enem-reune-estudantes-em-goiania-neste-sabado","status":"publish","type":"post","link":"https:\/\/www.encontragoiania.com.br\/sobre\/so-vem-enem-reune-estudantes-em-goiania-neste-sabado\/","title":{"rendered":"\u201cS\u00f3 Vem Enem\u201d re\u00fane estudantes em Goi\u00e2nia neste s\u00e1bado"},"content":{"rendered":"<div class=\"196752fdcd61442359b13893514e4d90\" data-index=\"1\" style=\"float: none; margin:0px;\">\n<!-- Anuncio display - global -->\r\n<ins class=\"adsbygoogle\"\r\n     style=\"display:block\"\r\n     data-ad-client=\"ca-pub-8585364105181520\"\r\n     data-ad-slot=\"8789329856\"\r\n     data-ad-format=\"auto\"\r\n     data-full-width-responsive=\"true\"><\/ins>\r\n<script>\r\n     (adsbygoogle = window.adsbygoogle || []).push({});\r\n<\/script>\n<\/div>\n<h2>Aul\u00e3o Incr\u00edvel para o Enem<\/h2>\n<p>O projeto <strong>\u201cS\u00f3 Vem Enem\u201d<\/strong> \u00e9 uma iniciativa empolgante que visa preparar os estudantes para o <strong>Exame Nacional do Ensino M\u00e9dio (Enem)<\/strong>. Este projeto inclui eventos como aul\u00f5es gratuitos que re\u00fanem milhares de alunos, proporcionando uma oportunidade \u00fanica de aprender e revisar conte\u00fados fundamentais para o exame. O \u00faltimo aul\u00e3o realizado em Goi\u00e2nia, por exemplo, contou com a participa\u00e7\u00e3o de mais de 2 mil estudantes da rede p\u00fablica e privada. Esses encontros s\u00e3o fundamentais para os jovens que se preparam para um dos exames mais importantes do Brasil, reunindo novidades, temas em destaque e uma variedade de atividades.<\/p>\n<p>No aul\u00e3o, os alunos t\u00eam a chance de participar de diversas atividades, incluindo palestras e demonstra\u00e7\u00f5es que fazem o aprendizado ser mais din\u00e2mico e envolvente. Outro destaque do encontro \u00e9 a presen\u00e7a de professores renomados que compartilham suas estrat\u00e9gias de ensino e t\u00e9cnicas de estudo. O <strong>Aul\u00e3o Show de Matem\u00e1tica<\/strong>, conduzido por mestres como Silv\u00e3o e Euler, traz m\u00e9todos inovadores que ajudam os estudantes a perceberem a Matem\u00e1tica de forma mais acess\u00edvel e menos intimidadora.<\/p>\n<h2>Atividades Recreativas para Estudantes<\/h2>\n<p>Para tornar a experi\u00eancia ainda mais enriquecedora, o evento <strong>\u201cS\u00f3 Vem Enem\u201d<\/strong> n\u00e3o se limita apenas a aulas e revis\u00f5es de conte\u00fado te\u00f3rico. Ele tamb\u00e9m inclui uma s\u00e9rie de <strong>atividades recreativas<\/strong> que visam aliviar a press\u00e3o que os alunos costumam sentir nessa fase de intensivos estudos. O l\u00fadico \u00e9 uma poderosa ferramenta para o aprendizado, e o projeto entende isso muito bem. Jogos educativos, quizzes interativos e at\u00e9 performances art\u00edsticas fazem parte da programa\u00e7\u00e3o, permitindo que os estudantes se divirtam enquanto absorvem conhecimento.<\/p>\n<p><img decoding=\"async\" src=\"https:\/\/www.encontragoiania.com.br\/sobre\/wp-content\/uploads\/2025\/12\/so-vem-enem-reune-estudantes-em-goiania-neste-sabado.webp\" alt=\"S\u00f3 Vem Enem\" loading=\"lazy\" \/><\/p>\n<p>Essas atividades s\u00e3o projetadas para estimular a curiosidade e o engajamento dos alunos. Quando os estudantes se divertem, eles tendem a se lembrar melhor das informa\u00e7\u00f5es lecionadas. Al\u00e9m disso, as atividades recreativas ajudam a criar um ambiente social positivo, onde os alunos podem interagir uns com os outros, trocar ideias e formar novas amizades. Essa socializa\u00e7\u00e3o \u00e9 especialmente importante, pois muitos alunos podem se sentir isolados durante o per\u00edodo de preparo intensivo para o Enem.<\/p>\n<h2>Conte\u00fados Especiais no Evento<\/h2>\n<p>O <strong>\u201cS\u00f3 Vem Enem\u201d<\/strong> \u00e9 cuidadosamente planejado para abranger temas relevantes e atuais, que s\u00e3o frequentemente abordados no exame. Os conte\u00fados especiais apresentados durante o aul\u00e3o s\u00e3o selecionados para atender \u00e0s principais demandas dos alunos, focando nas disciplinas que mais costumam gerar dificuldades. Entre os conte\u00fados discutidos, destacam-se t\u00f3picos de <strong>Matem\u00e1tica<\/strong>, <strong>Portugu\u00eas<\/strong>, <strong>Ci\u00eancias<\/strong> e <strong>Reda\u00e7\u00e3o<\/strong>.<\/p>\n<p>Durante o evento, os participantes t\u00eam acesso a lousas interativas e recursos multim\u00eddia que facilitam a compreens\u00e3o dos temas mais complexos. Al\u00e9m disso, os professores convidados, como Felipe Pereira e Thales Perrone, trazem suas expertises para discutir aspectos de cidadania e atualidades, temas essenciais na reda\u00e7\u00e3o e nas quest\u00f5es discursivas do Enem.<\/p>\n<h2>Estandes das Universidades<\/h2>\n<p>No evento, tamb\u00e9m s\u00e3o montados <strong>estandes de universidades<\/strong>, onde institui\u00e7\u00f5es de ensino superior da regi\u00e3o apresentam seus cursos e orientam os alunos sobre como se inscrever e se preparar para os vestibulares. Esses estandes s\u00e3o uma \u00f3tima oportunidade para os estudantes considerarem suas op\u00e7\u00f5es acad\u00eamicas futuras e conhecerem melhor as universidades que est\u00e3o interessadas.<\/p>\n<p>Al\u00e9m da mera apresenta\u00e7\u00e3o dos cursos, as equipes das universidades oferecem informa\u00e7\u00f5es valiosas sobre processos seletivos, bolsas de estudo e programas de assist\u00eancia. Essa intera\u00e7\u00e3o \u00e9 fundamental, pois pode ajudar os alunos a decidir qual caminho seguir ap\u00f3s o Enem. O projeto &#8220;S\u00f3 Vem Enem&#8221; n\u00e3o apenas prepara os alunos para o exame, mas tamb\u00e9m para a pr\u00f3xima fase de suas vidas acad\u00eamicas.<\/p>\n<h2>Orienta\u00e7\u00f5es sobre Cidadania e Elei\u00e7\u00f5es<\/h2>\n<p>Outra componente essencial do <strong>aulao \u201cS\u00f3 Vem Enem\u201d<\/strong> s\u00e3o as palestras e orienta\u00e7\u00f5es sobre <strong>cidadania e elei\u00e7\u00f5es<\/strong>, promovidas por especialistas, como o professor Thales Perrone. Esses momentos s\u00e3o cruciais n\u00e3o apenas para a compreens\u00e3o do funcionamento do sistema eleitoral brasileiro, mas tamb\u00e9m para a forma\u00e7\u00e3o de uma consci\u00eancia cr\u00edtica sobre o papel do cidad\u00e3o na sociedade.<\/p>\n<p>Com as elei\u00e7\u00f5es se aproximando, discutir sobre esses temas se torna ainda mais relevante. Os estudantes aprendem sobre a import\u00e2ncia do voto, a hist\u00f3ria do processo eleitoral e como a participa\u00e7\u00e3o deles pode fazer a diferen\u00e7a nos rumos do pa\u00eds. Essa tipo de forma\u00e7\u00e3o c\u00edvica \u00e9 essencial para estimular uma gera\u00e7\u00e3o de jovens mais engajados e conscientes de suas responsabilidades sociais.<\/p>\n<h2>Prepara\u00e7\u00e3o F\u00edsica e Dicas de Sa\u00fade<\/h2>\n<p>Compreendendo a import\u00e2ncia de uma boa sa\u00fade f\u00edsica e mental durante a prepara\u00e7\u00e3o para o Enem, o evento tamb\u00e9m oferece sess\u00f5es sobre <strong>prepara\u00e7\u00e3o f\u00edsica e dicas de sa\u00fade<\/strong>. Especialistas aconselham sobre como gerenciar o estresse e manter uma alimenta\u00e7\u00e3o equilibrada durante o per\u00edodo de estudos. As orienta\u00e7\u00f5es incluem dicas sobre atividades f\u00edsicas que podem ser feitas em casa e a import\u00e2ncia de pausas regulares nos estudos para recarregar as energias.<\/p>\n<p>A mulher e a sa\u00fade mental s\u00e3o temas frequentemente discutidos, uma vez que muitos estudantes enfrentam tens\u00e3o e ansiedade neste momento decisivo. Oferecendo suporte emocional e ferramentas para lidar com a press\u00e3o, o \u201cS\u00f3 Vem Enem\u201d se torna um espa\u00e7o acolhedor, onde os alunos se sentem seguros para compartilhar suas ang\u00fastias e receber orienta\u00e7\u00f5es que podem ajud\u00e1-los tanto no Enem quanto em toda a vida.<\/p>\n<h2>Import\u00e2ncia do Aul\u00e3o na Reta Final<\/h2>\n<p>Participar de um aul\u00e3o como o <strong>\u201cS\u00f3 Vem Enem\u201d<\/strong> \u00e9 fundamental na reta final de prepara\u00e7\u00e3o para o exame. Neste per\u00edodo, os estudantes est\u00e3o ansiosos e precisam de refor\u00e7o na confian\u00e7a. Um dos principais pontos positivos deste evento \u00e9 que ele oferece uma revis\u00e3o abrangente e focada nos principais conte\u00fados que ser\u00e3o cobrados no Enem.<\/p>\n<p>Al\u00e9m disso, o aul\u00e3o promove o esp\u00edrito colaborativo, encorajando os alunos a se unirem e se motivarem mutuamente. A troca de experi\u00eancias entre os estudantes traz um fortalecimento da rede de apoio, onde cada um pode incentivar o outro a dar o melhor de si. Essa intera\u00e7\u00e3o melhora a autoestima e ajuda a reduzir a ansiedade, criando uma atmosfera de solidariedade e encorajamento.<\/p>\n<h2>Relacionamento entre Estudantes e Universidades<\/h2>\n<p>O <strong>\u201cS\u00f3 Vem Enem\u201d<\/strong> tamb\u00e9m fortalece o relacionamento entre estudantes e universidades. Os estandes presentes no evento n\u00e3o apenas informam, mas tamb\u00e9m promovem intera\u00e7\u00f5es significativas que podem levar a futuras colabora\u00e7\u00f5es, mentorias e parcerias. Essa conex\u00e3o pode abrir portas para programas de interc\u00e2mbio, est\u00e1gios e at\u00e9 mesmo oportunidades de pesquisa nas universidades.<\/p>\n<p>Os estudantes t\u00eam a chance de conversar diretamente com representantes das institui\u00e7\u00f5es, fazer perguntas sobre carreiras e obter orienta\u00e7\u00f5es sobre como se destacar em processos seletivos. Essa abordagem pr\u00e1tica e direta promove uma melhor compreens\u00e3o do que cada universidade oferece e ajuda os alunos a tomarem decis\u00f5es mais informadas sobre seu futuro acad\u00eamico.<\/p>\n<h2>Objetivos do Projeto S\u00f3 Vem Enem<\/h2>\n<p>Os principais <strong>objetivos<\/strong> do projeto <strong>\u201cS\u00f3 Vem Enem\u201d<\/strong> s\u00e3o claros: garantir que os alunos se sintam preparados e confiantes para enfrentar o Enem; oferecer orienta\u00e7\u00f5es pr\u00e1ticas que atendam \u00e0s necessidades individuais dos alunos; e promover a inclus\u00e3o educacional, dando suporte a todos os estudantes, independentemente de sua origem ou condi\u00e7\u00e3o socioecon\u00f4mica.<\/p>\n<p>Com esses objetivos, a iniciativa busca n\u00e3o apenas melhorar os resultados dos estudantes no exame, mas tamb\u00e9m contribuir para a forma\u00e7\u00e3o de cidad\u00e3os mais cr\u00edticos e conscientes. Essa diversidade de enfoques possibilita um aprendizado abrangente e eficaz, essencial para o desenvolvimento pessoal e acad\u00eamico dos estudantes.<\/p>\n<h2>Servi\u00e7o e Informa\u00e7\u00f5es Adicionais<\/h2>\n<p>A pr\u00f3xima edi\u00e7\u00e3o do <strong>aulao \u201cS\u00f3 Vem Enem\u201d<\/strong> ser\u00e1 realizada no <strong>Pal\u00e1cio da Educa\u00e7\u00e3o<\/strong>, em Goi\u00e2nia, no dia 8 de novembro \u00e0s 7h30. Todos os estudantes da rede p\u00fablica e privada s\u00e3o convidados a participar. Al\u00e9m disso, os alunos ter\u00e3o acesso a uma variedade de recursos adicionais, como testes vocacionais e servi\u00e7os oferecidos pelas equipes educacionais.<\/p>\n<p>Essa nova edi\u00e7\u00e3o trar\u00e1 ainda mais conte\u00fados e intera\u00e7\u00f5es que contribuem para o aprendizado e a prepara\u00e7\u00e3o dos alunos. O <strong>\u201cS\u00f3 Vem Enem\u201d<\/strong> exemplifica o compromisso do Governo de Goi\u00e1s em apoiar a educa\u00e7\u00e3o e proporcionar oportunidades de sucesso para todos os seus estudantes. Portanto, \u00e9 essencial ficar atento \u00e0s datas e n\u00e3o perder essa oportunidade incr\u00edvel de prepara\u00e7\u00e3o para o Enem.<\/p>\n\n<div style=\"font-size: 0px; height: 0px; line-height: 0px; margin: 0; padding: 0; clear: both;\"><\/div>","protected":false},"excerpt":{"rendered":"<p>S\u00f3 Vem Enem re\u00fane estudantes em Goi\u00e2nia para aulas e atividades especiais.<\/p>\n","protected":false},"author":1,"featured_media":3467,"comment_status":"closed","ping_status":"closed","sticky":false,"template":"","format":"standard","meta":{"footnotes":""},"categories":[6],"tags":[],"class_list":["post-3468","post","type-post","status-publish","format-standard","has-post-thumbnail","hentry","category-noticias-em-goiania","has_thumb"],"aioseo_notices":[],"_links":{"self":[{"href":"https:\/\/www.encontragoiania.com.br\/sobre\/wp-json\/wp\/v2\/posts\/3468","targetHints":{"allow":["GET"]}}],"collection":[{"href":"https:\/\/www.encontragoiania.com.br\/sobre\/wp-json\/wp\/v2\/posts"}],"about":[{"href":"https:\/\/www.encontragoiania.com.br\/sobre\/wp-json\/wp\/v2\/types\/post"}],"author":[{"embeddable":true,"href":"https:\/\/www.encontragoiania.com.br\/sobre\/wp-json\/wp\/v2\/users\/1"}],"replies":[{"embeddable":true,"href":"https:\/\/www.encontragoiania.com.br\/sobre\/wp-json\/wp\/v2\/comments?post=3468"}],"version-history":[{"count":0,"href":"https:\/\/www.encontragoiania.com.br\/sobre\/wp-json\/wp\/v2\/posts\/3468\/revisions"}],"wp:featuredmedia":[{"embeddable":true,"href":"https:\/\/www.encontragoiania.com.br\/sobre\/wp-json\/wp\/v2\/media\/3467"}],"wp:attachment":[{"href":"https:\/\/www.encontragoiania.com.br\/sobre\/wp-json\/wp\/v2\/media?parent=3468"}],"wp:term":[{"taxonomy":"category","embeddable":true,"href":"https:\/\/www.encontragoiania.com.br\/sobre\/wp-json\/wp\/v2\/categories?post=3468"},{"taxonomy":"post_tag","embeddable":true,"href":"https:\/\/www.encontragoiania.com.br\/sobre\/wp-json\/wp\/v2\/tags?post=3468"}],"curies":[{"name":"wp","href":"https:\/\/api.w.org\/{rel}","templated":true}]}}