{"id":3423,"date":"2025-11-22T06:15:00","date_gmt":"2025-11-22T09:15:00","guid":{"rendered":"https:\/\/www.encontragoiania.com.br\/sobre\/brasileiro-que-publicava-ameacas-a-trump-e-alvo-de-operacao-em-goiania\/"},"modified":"2025-11-22T06:15:00","modified_gmt":"2025-11-22T09:15:00","slug":"brasileiro-que-publicava-ameacas-a-trump-e-alvo-de-operacao-em-goiania","status":"publish","type":"post","link":"https:\/\/www.encontragoiania.com.br\/sobre\/brasileiro-que-publicava-ameacas-a-trump-e-alvo-de-operacao-em-goiania\/","title":{"rendered":"Brasileiro que publicava amea\u00e7as a Trump \u00e9 alvo de opera\u00e7\u00e3o em Goi\u00e2nia"},"content":{"rendered":"<div class=\"196752fdcd61442359b13893514e4d90\" data-index=\"1\" style=\"float: none; margin:0px;\">\n<!-- Anuncio display - global -->\r\n<ins class=\"adsbygoogle\"\r\n     style=\"display:block\"\r\n     data-ad-client=\"ca-pub-8585364105181520\"\r\n     data-ad-slot=\"8789329856\"\r\n     data-ad-format=\"auto\"\r\n     data-full-width-responsive=\"true\"><\/ins>\r\n<script>\r\n     (adsbygoogle = window.adsbygoogle || []).push({});\r\n<\/script>\n<\/div>\n<h2>Opera\u00e7\u00e3o da PCDF em Goi\u00e2nia<\/h2>\n<p>No dia 6 de novembro de 2025, a Pol\u00edcia Civil do Distrito Federal (PCDF) realizou uma opera\u00e7\u00e3o significativa na cidade de Goi\u00e2nia, direcionada a um cidad\u00e3o de 32 anos com dupla nacionalidade brasileira e estadunidense. Esta a\u00e7\u00e3o foi desencadeada ap\u00f3s o Servi\u00e7o Secreto dos Estados Unidos ter informado sobre uma s\u00e9rie de amea\u00e7as feitas pelo suspeito contra o presidente dos Estados Unidos, Donald Trump, e outras autoridades norte-americanas. A opera\u00e7\u00e3o foi meticulosamente planejada e executada, demonstrando a integra\u00e7\u00e3o entre as for\u00e7as de seguran\u00e7a brasileiras e americanas, em resposta a uma situa\u00e7\u00e3o que poderia ter s\u00e9rias implica\u00e7\u00f5es na seguran\u00e7a internacional.<\/p>\n<p>A opera\u00e7\u00e3o incluiu um mandado de busca e apreens\u00e3o na resid\u00eancia do suspeito. Embora ele n\u00e3o tenha sido detido, os policiais encontraram diversos equipamentos eletr\u00f4nicos que podem conter seguramente informa\u00e7\u00f5es relevantes para as investiga\u00e7\u00f5es. A opera\u00e7\u00e3o realizada pela PCDF n\u00e3o s\u00f3 ilustra a seriedade com que a pol\u00edcia brasileira trata as amea\u00e7as de natureza internacional, mas tamb\u00e9m enfatiza a colabora\u00e7\u00e3o interag\u00eancias necess\u00e1ria quando se lida com figuras p\u00fablicas de relev\u00e2ncia global.<\/p>\n<h2>As amea\u00e7as e o alerta do Servi\u00e7o Secreto<\/h2>\n<p>As amea\u00e7as feitas pelo suspeito foram originadas em plataformas digitais, onde ele expressou de forma expl\u00edcita sua inten\u00e7\u00e3o de prejudicar o presidente Donald Trump e outras autoridades. Essa situa\u00e7\u00e3o alarmou o Servi\u00e7o Secreto dos EUA, que tomou a iniciativa de alertar as autoridades brasileiras sobre o potencial risco representado pelo indiv\u00edduo. O uso da tecnologia e das redes sociais como ve\u00edculos para disseminar amea\u00e7as levanta importantes discuss\u00f5es sobre seguran\u00e7a cibern\u00e9tica e a vigil\u00e2ncia necess\u00e1ria para coibir tais comportamentos.<\/p>\n<p>Fica claro que as amea\u00e7as n\u00e3o devem ser tratadas como simples manifesta\u00e7\u00f5es de descontentamento. Elas representam um verdadeiro risco \u00e0 seguran\u00e7a p\u00fablica e, nesse caso, revelam a necessidade de monitoramento constante das atividades online dos cidad\u00e3os, especialmente aqueles que demonstram hist\u00f3rico de comportamento violento ou extremista. A atua\u00e7\u00e3o do Servi\u00e7o Secreto reacende um debate pertinente sobre a forma como \u00f3rg\u00e3os de seguran\u00e7a lidam com amea\u00e7as que transcendem fronteiras, e a efic\u00e1cia de sua resposta.<\/p>\n<h2>Detalhes da investiga\u00e7\u00e3o policial<\/h2>\n<p>A investiga\u00e7\u00e3o realizada pela PCDF foi meticulosa e se deu atrav\u00e9s da Divis\u00e3o de Preven\u00e7\u00e3o ao Extremismo. Os investigadores n\u00e3o apenas monitoraram as publica\u00e7\u00f5es do suspeito, mas tamb\u00e9m buscaram entender o contexto e as motiva\u00e7\u00f5es por tr\u00e1s de seu comportamento. A an\u00e1lise de seu hist\u00f3rico, bem como seus padr\u00f5es de comunica\u00e7\u00e3o online, desempenhou um papel crucial na formula\u00e7\u00e3o de um perfil que pudesse ser compreendido pelas autoridades.<\/p>\n<p>Dentre as descobertas da investiga\u00e7\u00e3o, destaca-se a liga\u00e7\u00e3o do suspeito com atividades extremistas. Esse tipo de comportamento geralmente est\u00e1 associado a uma ideologia que promove a viol\u00eancia como meio de resolver conflitos ou expressar insatisfa\u00e7\u00f5es sociais. A atua\u00e7\u00e3o cont\u00ednua da PCDF na apura\u00e7\u00e3o dos fatos exemplifica a necessidade de um trabalho proativo na identifica\u00e7\u00e3o de indiv\u00edduos que possam representar riscos \u00e0 sociedade.<\/p>\n<h2>Tentativa de invas\u00e3o \u00e0 embaixada dos EUA<\/h2>\n<p>Um dos aspectos mais alarmantes do caso foi a tentativa do suspeito de entrar de forma irregular na Embaixada dos Estados Unidos, localizada em Bras\u00edlia. Esta tentativa n\u00e3o apenas demonstra a seriedade de suas inten\u00e7\u00f5es, mas tamb\u00e9m mostra a vulnerabilidade das institui\u00e7\u00f5es diplom\u00e1ticas a amea\u00e7as externas. O ingresso em uma embaixada \u00e9 considerado uma viola\u00e7\u00e3o severa das normas internacionais e pode levar a s\u00e9rias repercuss\u00f5es pol\u00edticas.<\/p>\n<p>A tentativa foi frustrada pela r\u00e1pida atua\u00e7\u00e3o das autoridades que, a partir do alerta recebido, estavam em estado de prontid\u00e3o. Essa interven\u00e7\u00e3o foi fundamental para garantir a seguran\u00e7a dos funcion\u00e1rios da embaixada e a integridade da miss\u00e3o diplom\u00e1tica. O incidente enfatiza a import\u00e2ncia da vigil\u00e2ncia e das medidas de seguran\u00e7a em ambientes que, tradicionalmente, s\u00e3o considerados seguros e inviol\u00e1veis.<\/p>\n<h2>O perfil do suspeito<\/h2>\n<p>O suspeito, que det\u00e9m dupla cidadania, j\u00e1 tinha um hist\u00f3rico problem\u00e1tico com a justi\u00e7a. Ele tinha sido preso anteriormente nos Estados Unidos, o que levanta preocupa\u00e7\u00f5es sobre sua capacidade de obter acesso a recursos e informa\u00e7\u00f5es que possam facilitar suas atividades discretas. A experi\u00eancia do suspeito em lidar com a lei pode ter contribu\u00eddo para seu comportamento atual, como ele manipula o sistema para atender suas inten\u00e7\u00f5es.<\/p>\n<p>Al\u00e9m disso, o manejo inadequado de sua cidadania dupla sugere que o indiv\u00edduo pode ter tido acesso a duas realidades distintas, favorecendo suas a\u00e7\u00f5es il\u00edcitas. As autoridades brasileiras agora ponderam sobre como lidar com cidad\u00e3os que possuem v\u00ednculos com outros pa\u00edses, especialmente em situa\u00e7\u00f5es de amea\u00e7a \u00e0 seguran\u00e7a nacional. Esse fator torna a investiga\u00e7\u00e3o ainda mais complexa.<\/p>\n<h2>Equipamentos eletr\u00f4nicos apreendidos<\/h2>\n<p>Os equipamentos eletr\u00f4nicos apreendidos na opera\u00e7\u00e3o s\u00e3o cruciais para a compreens\u00e3o do caso. Informa\u00e7\u00f5es contidas nesses dispositivos podem incluir comunica\u00e7\u00f5es, planos e at\u00e9 mesmo conex\u00f5es com grupos que promovem a viol\u00eancia ou extremismo. A import\u00e2ncia da tecnologia neste caso \u00e9 fundamental, uma vez que as redes sociais e plataformas digitais se tornaram os principais canais para a dissemina\u00e7\u00e3o de ideologias violentas.<\/p>\n<p>Esses dispositivos ser\u00e3o analisados detalhadamente pela pol\u00edcia para tentar descobrir a extens\u00e3o das inten\u00e7\u00f5es do suspeito e se ele possui alguma parceria com outros indiv\u00edduos ou grupos. A tecnologia pode tornar-se tanto uma ferramenta de comunica\u00e7\u00e3o quanto uma fonte de informa\u00e7\u00f5es incriminat\u00f3rias, e sua an\u00e1lise ficar\u00e1 sob responsabilidade de equipes especializadas que possuem a expertise necess\u00e1ria para decifrar dados em ambientes cibern\u00e9ticos.<\/p>\n<h2>Anota\u00e7\u00f5es que levantam suspeitas<\/h2>\n<p>Al\u00e9m dos aparelhos eletr\u00f4nicos, a pol\u00edcia tamb\u00e9m encontrou anota\u00e7\u00f5es que levantam diversas suspeitas. Em particular, as escritas com a express\u00e3o \u201cshoot to kill\u201d (atirar para matar) geram um alarme sobre a gravidade do comportamento do indiv\u00edduo e de sua inten\u00e7\u00e3o. Essas anota\u00e7\u00f5es n\u00e3o apenas revelam um padr\u00e3o de pensamento violento, mas tamb\u00e9m indicam que o suspeito pode ter se preparado para agir, elevando sua amea\u00e7a \u00e0 seguran\u00e7a p\u00fablica.<\/p>\n<p>A presen\u00e7a de tais anota\u00e7\u00f5es em sua resid\u00eancia fornece um vislumbre terr\u00edvel em sua mentalidade, que deve ser considerada ao avaliar o potencial de suas a\u00e7\u00f5es futuras. Esses detalhes ser\u00e3o indicadores para as autoridades que precisam avaliar se o indiv\u00edduo deve enfrentar um processo judicial ou ser submetido a interven\u00e7\u00f5es terap\u00eauticas, dado seu aparente estado mental inst\u00e1vel.<\/p>\n<h2>A conex\u00e3o com atividades ilegais<\/h2>\n<p>As evid\u00eancias coletadas na opera\u00e7\u00e3o revelaram que o suspeito tinha planos de adentrar nos Estados Unidos de maneira ilegal, come\u00e7ando pela Guatemala. Essa informa\u00e7\u00e3o, junto com as anota\u00e7\u00f5es e equipamentos apreendidos, sugere que ele estava desenvolvendo uma rede complexa de opera\u00e7\u00f5es ilegais. O fato de que ele j\u00e1 tra\u00e7ou um plano de entrada ilegal em outro pa\u00eds traz \u00e0 tona quest\u00f5es sobre a seguran\u00e7a nas fronteiras e o controle de imigra\u00e7\u00e3o.<\/p>\n<p>A possibilidade de que o suspeito possa ter se associado ou tenha aspira\u00e7\u00f5es de se conectar a redes criminosas ou terroristas real\u00e7a a necessidade de colabora\u00e7\u00e3o internacional entre na\u00e7\u00f5es para refor\u00e7ar a seguran\u00e7a e combater o extremismo. Essa conex\u00e3o com atividades ilegais n\u00e3o \u00e9 apenas uma preocupa\u00e7\u00e3o local, mas um desafio que os governos enfrentam em um cen\u00e1rio globalizado onde as fronteiras se tornam cada vez mais perme\u00e1veis.<\/p>\n<h2>Consequ\u00eancias das amea\u00e7as feitas online<\/h2>\n<p>As amea\u00e7as proferidas online pelo suspeito t\u00eam repercuss\u00f5es extensas. Essas declara\u00e7\u00f5es n\u00e3o s\u00e3o apenas palavras vazias; elas t\u00eam o potencial de incitar medo e desestabilizar a confian\u00e7a nas institui\u00e7\u00f5es, especialmente em tempos em que a seguran\u00e7a \u00e9 uma preocupa\u00e7\u00e3o global. O impacto psicol\u00f3gico que essas amea\u00e7as podem ter sobre as popula\u00e7\u00f5es, especialmente as mais sens\u00edveis \u2014 como funcion\u00e1rios de embaixadas e autoridades governamentais \u2014 deve ser levado em conta.<\/p>\n<p>Al\u00e9m disso, a cadeia de eventos resultantes de tais amea\u00e7as pode levar a uma s\u00e9rie de opera\u00e7\u00f5es de seguran\u00e7a e vigil\u00e2ncia que acabam por consumir recursos financeiros e humanos significativos. As autoridades devem sempre estar preparadas para responder a essas situa\u00e7\u00f5es, o que pode resultar em a\u00e7\u00f5es preventivas que, em \u00faltima an\u00e1lise, podem alterar o curso das opera\u00e7\u00f5es de seguran\u00e7a p\u00fablica.<\/p>\n<h2>O impacto nas rela\u00e7\u00f5es internacionais<\/h2>\n<p>As implica\u00e7\u00f5es das a\u00e7\u00f5es do suspeito n\u00e3o se restringem apenas ao \u00e2mbito interno brasileiro; elas tamb\u00e9m afetam diretamente as rela\u00e7\u00f5es internacionais. A rela\u00e7\u00e3o entre Brasil e Estados Unidos, como pa\u00edses amigos e parceiros em diversas \u00e1reas, como com\u00e9rcio, seguran\u00e7a e meio ambiente, pode ser prejudicada por esse incidente. A confian\u00e7a que se constr\u00f3i entre na\u00e7\u00f5es pode ser fragilizada por atos de viol\u00eancia, mesmo que esses atos sejam perpetrados por cidad\u00e3os, e n\u00e3o por governos.<\/p>\n<p>Desse modo, a forma como o Brasil e os Estados Unidos lidam com esse incidente pode definir a natureza das rela\u00e7\u00f5es futuras. Existe a necessidade de um di\u00e1logo aberto sobre seguran\u00e7a e coopera\u00e7\u00e3o, para que tais amea\u00e7as possam ser contidas e suas consequ\u00eancias diminu\u00eddas. A resposta eficaz desse incidente pode n\u00e3o apenas restaurar a confian\u00e7a, mas tamb\u00e9m refor\u00e7ar a amizade entre as na\u00e7\u00f5es, mostrando que est\u00e3o dispostas a colaborar em quest\u00f5es de seguran\u00e7a que transcendem suas fronteiras.<\/p>\n\n<div style=\"font-size: 0px; height: 0px; line-height: 0px; margin: 0; padding: 0; clear: both;\"><\/div>","protected":false},"excerpt":{"rendered":"<p>Brasileiro que amea\u00e7ava Trump \u00e9 alvo de opera\u00e7\u00e3o em Goi\u00e2nia.<\/p>\n","protected":false},"author":1,"featured_media":0,"comment_status":"closed","ping_status":"closed","sticky":false,"template":"","format":"standard","meta":{"footnotes":""},"categories":[6],"tags":[],"class_list":["post-3423","post","type-post","status-publish","format-standard","hentry","category-noticias-em-goiania"],"aioseo_notices":[],"_links":{"self":[{"href":"https:\/\/www.encontragoiania.com.br\/sobre\/wp-json\/wp\/v2\/posts\/3423","targetHints":{"allow":["GET"]}}],"collection":[{"href":"https:\/\/www.encontragoiania.com.br\/sobre\/wp-json\/wp\/v2\/posts"}],"about":[{"href":"https:\/\/www.encontragoiania.com.br\/sobre\/wp-json\/wp\/v2\/types\/post"}],"author":[{"embeddable":true,"href":"https:\/\/www.encontragoiania.com.br\/sobre\/wp-json\/wp\/v2\/users\/1"}],"replies":[{"embeddable":true,"href":"https:\/\/www.encontragoiania.com.br\/sobre\/wp-json\/wp\/v2\/comments?post=3423"}],"version-history":[{"count":0,"href":"https:\/\/www.encontragoiania.com.br\/sobre\/wp-json\/wp\/v2\/posts\/3423\/revisions"}],"wp:attachment":[{"href":"https:\/\/www.encontragoiania.com.br\/sobre\/wp-json\/wp\/v2\/media?parent=3423"}],"wp:term":[{"taxonomy":"category","embeddable":true,"href":"https:\/\/www.encontragoiania.com.br\/sobre\/wp-json\/wp\/v2\/categories?post=3423"},{"taxonomy":"post_tag","embeddable":true,"href":"https:\/\/www.encontragoiania.com.br\/sobre\/wp-json\/wp\/v2\/tags?post=3423"}],"curies":[{"name":"wp","href":"https:\/\/api.w.org\/{rel}","templated":true}]}}