{"id":3395,"date":"2025-11-17T11:52:00","date_gmt":"2025-11-17T14:52:00","guid":{"rendered":"https:\/\/www.encontragoiania.com.br\/sobre\/gaepe\/"},"modified":"2025-11-17T11:52:00","modified_gmt":"2025-11-17T14:52:00","slug":"gaepe","status":"publish","type":"post","link":"https:\/\/www.encontragoiania.com.br\/sobre\/gaepe\/","title":{"rendered":"GAEPE"},"content":{"rendered":"<div class=\"196752fdcd61442359b13893514e4d90\" data-index=\"1\" style=\"float: none; margin:0px;\">\n<!-- Anuncio display - global -->\r\n<ins class=\"adsbygoogle\"\r\n     style=\"display:block\"\r\n     data-ad-client=\"ca-pub-8585364105181520\"\r\n     data-ad-slot=\"8789329856\"\r\n     data-ad-format=\"auto\"\r\n     data-full-width-responsive=\"true\"><\/ins>\r\n<script>\r\n     (adsbygoogle = window.adsbygoogle || []).push({});\r\n<\/script>\n<\/div>\n<h2>A Reuni\u00e3o na Assembleia Legislativa<\/h2>\n<p>No dia 17 de setembro de 2025, a Assembleia Legislativa do Estado de Goi\u00e1s (Alego) foi palco de um evento significativo promovido pelo Gabinete de Articula\u00e7\u00e3o para a Efetividade da Pol\u00edtica da Educa\u00e7\u00e3o em Goi\u00e1s, conhecido como Gaepe-GO. Nesse encontro, foram apresentados dois of\u00edcios que visam \u00e0 mobiliza\u00e7\u00e3o interinstitucional para a amplia\u00e7\u00e3o de vagas na educa\u00e7\u00e3o infantil nos munic\u00edpios goianos.<\/p>\n<p>A import\u00e2ncia desta reuni\u00e3o n\u00e3o pode ser subestimada, pois trata-se de um passo fundamental na busca por solu\u00e7\u00f5es para um dos principais desafios da educa\u00e7\u00e3o no estado: a escassez de vagas nas creches e pr\u00e9-escolas. Durante o evento, os representantes do Gaepe-GO se dirigiram \u00e0 deputada Bia de Lima, presidente da Comiss\u00e3o de Educa\u00e7\u00e3o da Alego, solicitando seu apoio para a inclus\u00e3o de recursos no or\u00e7amento estadual, visando o custeio de novas vagas em creches e tamb\u00e9m em pr\u00e9-escolas.<\/p>\n<p>A reuni\u00e3o, que contou com a presen\u00e7a de diversos stakeholders da educa\u00e7\u00e3o p\u00fablica, refletiu um ambiente de di\u00e1logo e colabora\u00e7\u00e3o entre os \u00f3rg\u00e3os e institui\u00e7\u00f5es envolvidas. Esse tipo de articula\u00e7\u00e3o \u00e9 vital para que as pol\u00edticas p\u00fablicas sejam efetivas e atendam \u00e0s demandas reais da popula\u00e7\u00e3o. Afinal, a educa\u00e7\u00e3o infantil \u00e9 a etapa inicial e fundamental para o desenvolvimento educacional e social das crian\u00e7as.<\/p>\n<p><img decoding=\"async\" src=\"https:\/\/www.encontragoiania.com.br\/sobre\/wp-content\/uploads\/2025\/11\/gaepe.webp\" alt=\"GAEPE-GO busca mobiliza\u00e7\u00e3o no legislativo para educa\u00e7\u00e3o infantil\" loading=\"lazy\" \/><\/p>\n<h2>Solicita\u00e7\u00f5es de Apoio do GAEPE-GO<\/h2>\n<p>Um dos principais pontos discutidos na reuni\u00e3o foi o pedido por apoio na inclus\u00e3o de recursos destinados \u00e0 educa\u00e7\u00e3o infantil no or\u00e7amento estadual. A deputada Bia de Lima, ao assumir esse compromisso, representa uma ponte entre a sociedade civil e o poder legislativo. A presen\u00e7a de representantes de v\u00e1rias entidades, como a Defensoria P\u00fablica, o Minist\u00e9rio P\u00fablico, e Conselhos de Educa\u00e7\u00e3o, demonstra o peso da demanda por uma mobiliza\u00e7\u00e3o coletiva em prol da educa\u00e7\u00e3o infantil.<\/p>\n<p>Al\u00e9m da solicita\u00e7\u00e3o de recursos financeiros, foi formalizada a inten\u00e7\u00e3o de promover uma audi\u00eancia p\u00fablica sobre a tem\u00e1tica da educa\u00e7\u00e3o infantil, a qual est\u00e1 agendada para o dia 6 de outubro. Essa audi\u00eancia se prop\u00f5e a ser um espa\u00e7o aberto para debates e contribui\u00e7\u00f5es, onde diferentes vozes poder\u00e3o se manifestar, enriquecendo as discuss\u00f5es e estimulando a proposta de solu\u00e7\u00f5es criativas e eficazes para a quest\u00e3o educacional.<\/p>\n<h2>Demandas por Vagas em Creches<\/h2>\n<p>A necessidade urgente de mais vagas em creches e pr\u00e9-escolas em Goi\u00e1s n\u00e3o \u00e9 uma novidade. De acordo com o levantado pelo Gaepe Brasil, Goi\u00e1s enfrenta uma demanda de 39.155 vagas em creches e 6.821 crian\u00e7as em idade de pr\u00e9-escola fora da escola. Esses n\u00fameros alarmantes revelam um quadro que exige aten\u00e7\u00e3o imediata e a\u00e7\u00e3o decisiva por parte das autoridades competentes.<\/p>\n<p>O impacto da falta de vagas na educa\u00e7\u00e3o infantil \u00e9 profundo e abrangente. Muitas crian\u00e7as ficam sem acesso \u00e0 educa\u00e7\u00e3o de qualidade nesse per\u00edodo crucial de desenvolvimento, o que pode resultar em problemas de aprendizado futuros e desigualdades sociais. Portanto, a mobiliza\u00e7\u00e3o por parte do Gaepe-GO \u00e9 uma resposta necess\u00e1ria e que deve ser acompanhada de a\u00e7\u00f5es que efetivamente aumentem a oferta de vagas.<\/p>\n<h2>Import\u00e2ncia da Educa\u00e7\u00e3o Infantil<\/h2>\n<p>A educa\u00e7\u00e3o infantil, conforme preconizado pelas Diretrizes Curriculares Nacionais, \u00e9 uma fase muito importante da forma\u00e7\u00e3o da crian\u00e7a. Nesse per\u00edodo, que abrange do zero aos seis anos, as crian\u00e7as desenvolvem habilidades essenciais que servir\u00e3o como base para a vida inteira. O aprendizado l\u00fadico, o contato social e o desenvolvimento emocional s\u00e3o apenas algumas das vantagens que a educa\u00e7\u00e3o infantil proporciona.<\/p>\n<p>Al\u00e9m disso, a educa\u00e7\u00e3o infantil desempenha um papel crucial na socializa\u00e7\u00e3o das crian\u00e7as. \u00c9 nesse ambiente que elas aprendem a compartilhar, a respeitar diferen\u00e7as e a colaborar com os outros. Portanto, investir em educa\u00e7\u00e3o infantil n\u00e3o \u00e9 apenas uma quest\u00e3o de pol\u00edticas p\u00fablicas, mas uma quest\u00e3o de responsabilidade social, que impacta diretamente o futuro da sociedade como um todo.<\/p>\n<h2>Of\u00edcios Entregues aos Deputados<\/h2>\n<p>Ap\u00f3s a reuni\u00e3o inicial, novas entregas de of\u00edcios foram realizadas no dia seguinte, 18 de setembro. Nesta ocasi\u00e3o, foram encaminhados documentos semelhantes aos deputados Bruno Peixoto, presidente da Alego, e Vivian Naves, presidente da Comiss\u00e3o de Assist\u00eancia Social. Essas a\u00e7\u00f5es demonstram a continuidade do trabalho do Gaepe-GO e a determina\u00e7\u00e3o em buscar solu\u00e7\u00f5es para as demandas emergenciais da educa\u00e7\u00e3o infantil em Goi\u00e1s.<\/p>\n<p>Os of\u00edcios n\u00e3o apenas reiteram a urg\u00eancia das pautas discutidas, mas tamb\u00e9m servem como um chamado \u00e0 a\u00e7\u00e3o para que os deputados, como representantes do povo, contribuam decisivamente para o fortalecimento das pol\u00edticas educativas no estado. Essa mobiliza\u00e7\u00e3o mostra que a educa\u00e7\u00e3o \u00e9 um tema priorit\u00e1rio que deve ser encarado com a seriedade que merece, exigindo comprometimento e lideran\u00e7a dos parlamentares.<\/p>\n<h2>P\u00fablico Presente no Encontro<\/h2>\n<p>A diversidade de atores presentes na reuni\u00e3o confirma a relev\u00e2ncia do tema e a necessidade de um esfor\u00e7o conjunto para enfrentar os desafios apontados. Entre os participantes estavam influentes representantes de v\u00e1rias entidades da educa\u00e7\u00e3o, como conselheiros do Tribunal de Contas, promotores de justi\u00e7a, defensores p\u00fablicos, e coordenadores de conselhos de educa\u00e7\u00e3o.<\/p>\n<p>Esta diversidade n\u00e3o apenas enriqueceu o debate, mas tamb\u00e9m sinaliza um apoio abrangente \u00e0 causa da educa\u00e7\u00e3o infantil. A uni\u00e3o de for\u00e7as entre diferentes segmentos garante que a proposta de educa\u00e7\u00e3o infantil seja vista sob m\u00faltiplas perspectivas, resultando em abordagens mais completas e adequadas \u00e0s realidades locais.<\/p>\n<h2>O Levantamento Nacional sobre Educa\u00e7\u00e3o Infantil<\/h2>\n<p>O levantamento intitulado &#8220;Retrato da Educa\u00e7\u00e3o Infantil no Brasil \u2013 Acesso e Disponibilidade de Vagas&#8221;, realizado em 2024 pelo Gaepe Brasil, foi um elemento-chave na constru\u00e7\u00e3o da argumenta\u00e7\u00e3o durante a reuni\u00e3o. Esse estudo fornece dados cruciais que fundamentam as demandas por investimentos e a\u00e7\u00f5es concretas para a amplia\u00e7\u00e3o da educa\u00e7\u00e3o infantil.<\/p>\n<p>Os dados coletados n\u00e3o apenas destacam a realidade em Goi\u00e1s, mas tamb\u00e9m t\u00eam o potencial de influenciar pol\u00edticas p\u00fablicas em n\u00edvel nacional. O mapeamento das necessidades revela n\u00e3o apenas os n\u00fameros, mas a urg\u00eancia de se invertir na forma\u00e7\u00e3o da pr\u00f3xima gera\u00e7\u00e3o. Assim, as informa\u00e7\u00f5es apresentadas servem como uma base s\u00f3lida para os argumentos levantados durante a reuni\u00e3o na Alego.<\/p>\n<h2>A\u00e7\u00e3o do GAEPE-GO desde 2020<\/h2>\n<p>O Gaepe-GO foi institu\u00eddo em julho de 2020 com o objetivo de criar um espa\u00e7o de di\u00e1logo e coopera\u00e7\u00e3o entre diversas entidades para enfrentar os desafios da educa\u00e7\u00e3o p\u00fablica. Desde sua cria\u00e7\u00e3o, o gabinete tem se empenhado em articular esfor\u00e7os que visam \u00e0 melhoria da qualidade da educa\u00e7\u00e3o no estado, com foco especial na educa\u00e7\u00e3o infantil.<\/p>\n<p>Em sua trajet\u00f3ria, o Gaepe-GO estabeleceu parcerias com institui\u00e7\u00f5es, como o Tribunal de Contas do Estado e o Tribunal de Contas dos Munic\u00edpios de Goi\u00e1s, demonstrando um modelo de governan\u00e7a baratuito e horizontal. Essa abordagem tem sido fundamental para integrar diferentes setores da sociedade e garantir que as vozes dos diversos envolvidos na educa\u00e7\u00e3o sejam ouvidas e levadas em considera\u00e7\u00e3o nas tomadas de decis\u00f5es.<\/p>\n<h2>Desafios da Educa\u00e7\u00e3o P\u00fablica em Goi\u00e1s<\/h2>\n<p>Os desafios que a educa\u00e7\u00e3o p\u00fablica enfrenta em Goi\u00e1s s\u00e3o complexos e multifacetados. Desde a falta de infraestrutura adequada nas escolas at\u00e9 a car\u00eancia de profissionais qualificados, as dificuldades v\u00e3o al\u00e9m da simples falta de vagas. O agravante \u00e9 que, muitas vezes, as condi\u00e7\u00f5es de trabalho dos educadores n\u00e3o s\u00e3o adequadas, o que pode impactar diretamente a qualidade do ensino.<\/p>\n<p>Al\u00e9m disso, a desigualdade social tamb\u00e9m se reflete nas disparidades educacionais. Crian\u00e7as de fam\u00edlias de baixa renda, por exemplo, muitas vezes t\u00eam menos acesso a atividades extracurriculares e a recursos educativos. Portanto, a luta por uma educa\u00e7\u00e3o de qualidade no estado implica n\u00e3o apenas em ampliar o n\u00famero de vagas, mas tamb\u00e9m em garantir que essas vagas sejam oferecidas em condi\u00e7\u00f5es dignas e equitativas.<\/p>\n<h2>Pr\u00f3ximos Passos para a Mobiliza\u00e7\u00e3o<\/h2>\n<p>\u00c0 medida que a mobiliza\u00e7\u00e3o em torno da educa\u00e7\u00e3o infantil avan\u00e7a, \u00e9 fundamental que novas estrat\u00e9gias sejam implementadas. A audi\u00eancia p\u00fablica marcada para o dia 6 de outubro ser\u00e1 um passo importante, mas ela deve ser apenas o in\u00edcio de uma s\u00e9rie de a\u00e7\u00f5es coordenadas para garantir que as demandas por educa\u00e7\u00e3o sejam efetivamente atendidas.<\/p>\n<p>Entre os pr\u00f3ximos passos, est\u00e1 a constru\u00e7\u00e3o de um plano de a\u00e7\u00e3o que designe responsabilidades a cada ator envolvido e que detalhe como os recursos ser\u00e3o utilizados para atender \u00e0s necessidades manifestadas. A comunica\u00e7\u00e3o continua entre as partes interessadas ser\u00e1 essencial para garantir que todos estejam alinhados e que o progresso seja monitorado.<\/p>\n<p>Al\u00e9m disso, a amplia\u00e7\u00e3o da sensibiliza\u00e7\u00e3o do p\u00fablico e dos stakeholders sobre a import\u00e2ncia da educa\u00e7\u00e3o infantil \u00e9 fundamental. Campanhas de conscientiza\u00e7\u00e3o podem gerar um maior engajamento da comunidade e, por conseguinte, uma press\u00e3o positiva sobre as autoridades para que tomem medidas que beneficiem a educa\u00e7\u00e3o p\u00fablica no estado.<\/p>\n<p>Em suma, o Gaepe-GO, em sua luta pela educa\u00e7\u00e3o infantil em Goi\u00e1s, demonstra que a soma de esfor\u00e7os pode levar a conquistas significativas para a educa\u00e7\u00e3o p\u00fablica. Com a mobiliza\u00e7\u00e3o adequada e a colabora\u00e7\u00e3o cont\u00ednua entre diversos setores, h\u00e1 umareal expectativa de que o estado possa atender as necessidades de suas crian\u00e7as e garantir um futuro mais promissor para todos.<\/p>\n\n<div style=\"font-size: 0px; height: 0px; line-height: 0px; margin: 0; padding: 0; clear: both;\"><\/div>","protected":false},"excerpt":{"rendered":"<p>GAEPE-GO mobiliza o Legislativo para ampliar vagas na educa\u00e7\u00e3o infantil.<\/p>\n","protected":false},"author":1,"featured_media":3394,"comment_status":"closed","ping_status":"closed","sticky":false,"template":"","format":"standard","meta":{"footnotes":""},"categories":[6],"tags":[],"class_list":["post-3395","post","type-post","status-publish","format-standard","has-post-thumbnail","hentry","category-noticias-em-goiania","has_thumb"],"aioseo_notices":[],"_links":{"self":[{"href":"https:\/\/www.encontragoiania.com.br\/sobre\/wp-json\/wp\/v2\/posts\/3395","targetHints":{"allow":["GET"]}}],"collection":[{"href":"https:\/\/www.encontragoiania.com.br\/sobre\/wp-json\/wp\/v2\/posts"}],"about":[{"href":"https:\/\/www.encontragoiania.com.br\/sobre\/wp-json\/wp\/v2\/types\/post"}],"author":[{"embeddable":true,"href":"https:\/\/www.encontragoiania.com.br\/sobre\/wp-json\/wp\/v2\/users\/1"}],"replies":[{"embeddable":true,"href":"https:\/\/www.encontragoiania.com.br\/sobre\/wp-json\/wp\/v2\/comments?post=3395"}],"version-history":[{"count":0,"href":"https:\/\/www.encontragoiania.com.br\/sobre\/wp-json\/wp\/v2\/posts\/3395\/revisions"}],"wp:featuredmedia":[{"embeddable":true,"href":"https:\/\/www.encontragoiania.com.br\/sobre\/wp-json\/wp\/v2\/media\/3394"}],"wp:attachment":[{"href":"https:\/\/www.encontragoiania.com.br\/sobre\/wp-json\/wp\/v2\/media?parent=3395"}],"wp:term":[{"taxonomy":"category","embeddable":true,"href":"https:\/\/www.encontragoiania.com.br\/sobre\/wp-json\/wp\/v2\/categories?post=3395"},{"taxonomy":"post_tag","embeddable":true,"href":"https:\/\/www.encontragoiania.com.br\/sobre\/wp-json\/wp\/v2\/tags?post=3395"}],"curies":[{"name":"wp","href":"https:\/\/api.w.org\/{rel}","templated":true}]}}