{"id":3307,"date":"2025-10-31T06:55:00","date_gmt":"2025-10-31T09:55:00","guid":{"rendered":"https:\/\/www.encontragoiania.com.br\/sobre\/festival-do-bem-marca-comemoracoes-do-aniversario-de-goiania\/"},"modified":"2025-10-31T06:55:00","modified_gmt":"2025-10-31T09:55:00","slug":"festival-do-bem-marca-comemoracoes-do-aniversario-de-goiania","status":"publish","type":"post","link":"https:\/\/www.encontragoiania.com.br\/sobre\/festival-do-bem-marca-comemoracoes-do-aniversario-de-goiania\/","title":{"rendered":"Festival do Bem marca comemora\u00e7\u00f5es do anivers\u00e1rio de Goi\u00e2nia"},"content":{"rendered":"<div class=\"196752fdcd61442359b13893514e4d90\" data-index=\"1\" style=\"float: none; margin:0px;\">\n<!-- Anuncio display - global -->\r\n<ins class=\"adsbygoogle\"\r\n     style=\"display:block\"\r\n     data-ad-client=\"ca-pub-8585364105181520\"\r\n     data-ad-slot=\"8789329856\"\r\n     data-ad-format=\"auto\"\r\n     data-full-width-responsive=\"true\"><\/ins>\r\n<script>\r\n     (adsbygoogle = window.adsbygoogle || []).push({});\r\n<\/script>\n<\/div>\n<h2>O que \u00e9 o Festival do Bem?<\/h2>\n<p>O <strong>Festival do Bem<\/strong> \u00e9 um evento maravilhoso que celebra a bondade e a solidariedade. Ele acontece anualmente em <strong>Goi\u00e2nia<\/strong>, reunindo pessoas de todas as idades em um ambiente festivo e acolhedor. O festival tem como objetivo principal promover a\u00e7\u00f5es em benef\u00edcio da comunidade, incentivando a troca solid\u00e1ria e a arrecada\u00e7\u00e3o de doa\u00e7\u00f5es.<\/p>\n<p>No Festival do Bem, voc\u00ea encontrar\u00e1 uma variedade de atividades, como shows musicais, comidas t\u00edpicas, feira de artesanato e muito mais. Este evento \u00e9 uma oportunidade n\u00e3o apenas para se divertir, mas tamb\u00e9m para ajudar aqueles que mais precisam.<\/p>\n<h2>Data e Local do Evento<\/h2>\n<p>O <strong>Festival do Bem<\/strong> ocorrer\u00e1 nos dias <strong>12 e 13 de agosto de 2023<\/strong>, em uma das pra\u00e7as mais emblem\u00e1ticas de Goi\u00e2nia. O evento ser\u00e1 realizado na <strong>Pra\u00e7a do Sol<\/strong>, um local de f\u00e1cil acesso e que comporta grandes multid\u00f5es. A expectativa \u00e9 de que milhares de pessoas compare\u00e7am para aproveitar toda a programa\u00e7\u00e3o e contribuir com as causas sociais.<\/p>\n<h2>Como Participar do Festival?<\/h2>\n<p>Participar do <strong>Festival do Bem<\/strong> \u00e9 muito f\u00e1cil e acess\u00edvel a todos. A entrada \u00e9 franca, mas a organiza\u00e7\u00e3o pede que cada visitante traga um quilo de alimento n\u00e3o perec\u00edvel ou um item de cuidado pessoal, como produtos de higiene. Esses donativos ser\u00e3o encaminhados para institui\u00e7\u00f5es que atendem pessoas em situa\u00e7\u00e3o de vulnerabilidade social.<\/p>\n<p>Ao chegar, voc\u00ea poder\u00e1 se inscrever em diversas atividades e oficinas, al\u00e9m de curtir a programa\u00e7\u00e3o art\u00edstica preparada especialmente para o evento. \u00c9 uma chance \u00fanica de fazer parte de algo maior e de unir for\u00e7as por um mundo mais solid\u00e1rio.<\/p>\n<h2>Programa\u00e7\u00e3o Musical Imperd\u00edvel<\/h2>\n<p>A <strong>programa\u00e7\u00e3o musical<\/strong> do Festival do Bem \u00e9 um dos grandes atrativos do evento. Artistas locais e regionais se apresentar\u00e3o em diferentes palcos, trazendo um mix de estilos musicais que agradam a todos os gostos. Entre as atra\u00e7\u00f5es confirmadas est\u00e3o:<\/p>\n<ul>\n<li><strong>Grupo de Pagode:<\/strong> Um dos mais queridos do cen\u00e1rio goiano, trazendo muito samba e alegria.<\/li>\n<li><strong>Bandas de Rock:<\/strong> Com apresenta\u00e7\u00f5es energ\u00e9ticas, prometem agitar o p\u00fablico apaixonado por rock.<\/li>\n<li><strong>M\u00fasica Sertaneja:<\/strong> Os grandes hits sertanejos tamb\u00e9m ter\u00e3o espa\u00e7o, com artistas que s\u00e3o a cara do Brasil.<\/li>\n<li><strong>Shows Infantis:<\/strong> Para as crian\u00e7as, apresenta\u00e7\u00f5es especiais com m\u00fasicas que encantam os pequenos.<\/li>\n<\/ul>\n<p>A programa\u00e7\u00e3o ter\u00e1 in\u00edcio pela manh\u00e3 e se estender\u00e1 at\u00e9 a noite, garantindo entretenimento o dia todo. Voc\u00ea poder\u00e1 aproveitar comidas de diversos food trucks enquanto curte os shows.<\/p>\n<h2>Troca Solid\u00e1ria: Como Funciona?<\/h2>\n<p>A <strong>troca solid\u00e1ria<\/strong> \u00e9 uma das iniciativas mais inovadoras do Festival do Bem. O conceito \u00e9 simples: voc\u00ea pode trazer roupas, brinquedos ou outros artigos que n\u00e3o usa mais e trocar por produtos do evento. O foco \u00e9 incentivar a sustentabilidade e a reutiliza\u00e7\u00e3o, ao mesmo tempo em que se ajuda quem precisa.<\/p>\n<p>Para participar, basta levar os itens que deseja trocar e se dirigir ao espa\u00e7o da troca no festival. A equipe de volunt\u00e1rios estar\u00e1 l\u00e1 para orientar e facilitar todo o processo. Assim, todos ganham: voc\u00ea se livra de coisas que n\u00e3o usa mais e ainda ajuda outra pessoa a ter acesso a novos itens.<\/p>\n<h2>Apoio \u00e0s Institui\u00e7\u00f5es Filantr\u00f3picas<\/h2>\n<p>O <strong>Festival do Bem<\/strong> tem um forte compromisso com as <strong>institui\u00e7\u00f5es filantr\u00f3picas<\/strong> que atuam em Goi\u00e2nia. V\u00e1rias ONGs e projetos sociais estar\u00e3o presentes, mostrando o trabalho que realizam e como a popula\u00e7\u00e3o pode colaborar. As doa\u00e7\u00f5es coletadas ser\u00e3o repartidas entre essas institui\u00e7\u00f5es.<\/p>\n<p>Al\u00e9m disso, durante o festival, haver\u00e1 palestras e workshops sobre como fazer a diferen\u00e7a na comunidade, como formas de voluntariado e apoios a projetos j\u00e1 existentes. Conhecer essas entidades \u00e9 uma maneira de encontrar formas diretas de ajudar ao longo do ano.<\/p>\n<h2>Empreendedores em Destaque<\/h2>\n<p>O festival tamb\u00e9m celebra os <strong>empreendedores locais<\/strong>. Ser\u00e3o montados estandes de pequenos neg\u00f3cios que far\u00e3o parte da feira de produtos e servi\u00e7os. O formato \u00e9 uma \u00f3tima oportunidade para que novas ideias e talentos sejam apresentados ao p\u00fablico. Os empreendedores t\u00eam a chance de mostrar seus produtos, como:<\/p>\n<ul>\n<li><strong>Alimentos Artesanais:<\/strong> Del\u00edcias feitas \u00e0 m\u00e3o, que v\u00e3o desde doces caseiros a pratos t\u00edpicos.<\/li>\n<li><strong>Artesanato:<\/strong> Pe\u00e7as \u00fanicas que representam a cultura local e proporcionam uma escolha consciente para presentes.<\/li>\n<li><strong>Moda Sustent\u00e1vel:<\/strong> Roupas e acess\u00f3rios feitos de maneira \u00e9tica e sustent\u00e1vel.<\/li>\n<\/ul>\n<p>Ajudar o escolhido e apoiar a economia locais \u00e9 uma maneira direta de fortalecer a comunidade durante o festival.<\/p>\n<h2>A Import\u00e2ncia da Solidariedade<\/h2>\n<p>A <strong>solidariedade<\/strong> \u00e9 o cora\u00e7\u00e3o do Festival do Bem. Em tempos onde muitos enfrentam dificuldades, iniciativas como essa lembram a import\u00e2ncia de estender a m\u00e3o ao pr\u00f3ximo. Cidadania ativa e engajamento social s\u00e3o fundamentais para criar uma sociedade mais justa.<\/p>\n<p>O evento tamb\u00e9m busca conscientizar as pessoas sobre as diversas realidades sociais que existem. Ao participar, voc\u00ea n\u00e3o apenas faz a sua parte, mas tamb\u00e9m incentiva outras pessoas a se envolverem em causas sociais e a repensarem sua posi\u00e7\u00e3o na comunidade.<\/p>\n<h2>Expectativas e Resultados do Evento<\/h2>\n<p>As expectativas para o <strong>Festival do Bem<\/strong> s\u00e3o extremamente positivas. Al\u00e9m de um grande n\u00famero de participantes, a organiza\u00e7\u00e3o espera arrecadar toneladas de alimentos e itens de higiene para as institui\u00e7\u00f5es beneficiadas. O uso do evento como um ponto de contato entre pessoas e essas causas \u00e9 um dos maiores objetivos.<\/p>\n<p>O feedback das edi\u00e7\u00f5es anteriores sempre foi encorajador, com muitos relatos de pessoas que se envolveram em projetos sociais ap\u00f3s participar do festival. A ideia \u00e9 que este evento sirva como um catalisador para a\u00e7\u00f5es solid\u00e1rias ao longo de todo o ano.<\/p>\n<h2>Conclus\u00e3o e Chamado \u00e0 A\u00e7\u00e3o<\/h2>\n<p>N\u00e3o deixe de participar do <strong>Festival do Bem<\/strong> em Goi\u00e2nia! Quase um m\u00eas antes do evento, comece a juntar suas doa\u00e7\u00f5es. Convide amigos e familiares para que possamos multiplicar o impacto da solidariedade. Assim, juntos, faremos a diferen\u00e7a na vida de muitas pessoas!<\/p>\n<p>Marque na sua agenda os dias <strong>12 e 13 de agosto<\/strong>, e venha se juntar a n\u00f3s nessa grande festa de amor e solidariedade! Sua presen\u00e7a \u00e9 essencial para que o <strong>Festival do Bem<\/strong> seja um sucesso. Vamos celebrar o anivers\u00e1rio de Goi\u00e2nia da melhor maneira poss\u00edvel!<\/p>\n\n<div style=\"font-size: 0px; height: 0px; line-height: 0px; margin: 0; padding: 0; clear: both;\"><\/div>","protected":false},"excerpt":{"rendered":"<p>Festival do Bem traz entretenimento e solidariedade para comemorar Goi\u00e2nia.<\/p>\n","protected":false},"author":1,"featured_media":0,"comment_status":"closed","ping_status":"closed","sticky":false,"template":"","format":"standard","meta":{"footnotes":""},"categories":[25],"tags":[],"class_list":["post-3307","post","type-post","status-publish","format-standard","hentry","category-cultura-em-goiania"],"aioseo_notices":[],"aioseo_head":"\n\t\t<!-- All in One SEO 5.0.0.1 - aioseo.com -->\n\t<meta name=\"description\" content=\"Festival do Bem traz entretenimento e solidariedade para comemorar Goi\u00e2nia.\" \/>\n\t<meta name=\"robots\" content=\"max-image-preview:large\" \/>\n\t<meta name=\"author\" content=\"Encontra Goi\u00e2nia\"\/>\n\t<link rel=\"canonical\" href=\"https:\/\/www.encontragoiania.com.br\/sobre\/festival-do-bem-marca-comemoracoes-do-aniversario-de-goiania\/\" \/>\n\t<meta name=\"generator\" content=\"All in One SEO (AIOSEO) 5.0.0.1\" \/>\n\t\t<meta property=\"og:locale\" content=\"pt_BR\" \/>\n\t\t<meta property=\"og:site_name\" content=\"Encontra Goi\u00e2nia | Not\u00edcias, eventos, informa\u00e7\u00f5es e dicas na cidade Goi\u00e2nia e regi\u00e3o.\" \/>\n\t\t<meta property=\"og:type\" content=\"article\" \/>\n\t\t<meta property=\"og:title\" content=\"Festival do Bem marca comemora\u00e7\u00f5es do anivers\u00e1rio de Goi\u00e2nia | Encontra Goi\u00e2nia\" \/>\n\t\t<meta property=\"og:description\" content=\"Festival do Bem traz entretenimento e solidariedade para comemorar Goi\u00e2nia.\" \/>\n\t\t<meta property=\"og:url\" content=\"https:\/\/www.encontragoiania.com.br\/sobre\/festival-do-bem-marca-comemoracoes-do-aniversario-de-goiania\/\" \/>\n\t\t<meta property=\"article:published_time\" content=\"2025-10-31T09:55:00+00:00\" \/>\n\t\t<meta property=\"article:modified_time\" content=\"2025-10-31T09:55:00+00:00\" \/>\n\t\t<meta name=\"twitter:card\" content=\"summary\" \/>\n\t\t<meta name=\"twitter:title\" content=\"Festival do Bem marca comemora\u00e7\u00f5es do anivers\u00e1rio de Goi\u00e2nia | Encontra Goi\u00e2nia\" \/>\n\t\t<meta name=\"twitter:description\" content=\"Festival do Bem traz entretenimento e solidariedade para comemorar Goi\u00e2nia.\" \/>\n\t\t<script type=\"application\/ld+json\" class=\"aioseo-schema\">\n\t\t\t{\"@context\":\"https:\\\/\\\/schema.org\",\"@graph\":[{\"@type\":\"Article\",\"@id\":\"https:\\\/\\\/www.encontragoiania.com.br\\\/sobre\\\/festival-do-bem-marca-comemoracoes-do-aniversario-de-goiania\\\/#article\",\"name\":\"Festival do Bem marca comemora\\u00e7\\u00f5es do anivers\\u00e1rio de Goi\\u00e2nia | Encontra Goi\\u00e2nia\",\"headline\":\"Festival do Bem marca comemora\\u00e7\\u00f5es do anivers\\u00e1rio de Goi\\u00e2nia\",\"author\":{\"@id\":\"https:\\\/\\\/www.encontragoiania.com.br\\\/sobre\\\/author\\\/egoiania\\\/#author\"},\"publisher\":{\"@id\":\"https:\\\/\\\/www.encontragoiania.com.br\\\/sobre\\\/#organization\"},\"datePublished\":\"2025-10-31T06:55:00-03:00\",\"dateModified\":\"2025-10-31T06:55:00-03:00\",\"inLanguage\":\"pt-BR\",\"mainEntityOfPage\":{\"@id\":\"https:\\\/\\\/www.encontragoiania.com.br\\\/sobre\\\/festival-do-bem-marca-comemoracoes-do-aniversario-de-goiania\\\/#webpage\"},\"isPartOf\":{\"@id\":\"https:\\\/\\\/www.encontragoiania.com.br\\\/sobre\\\/festival-do-bem-marca-comemoracoes-do-aniversario-de-goiania\\\/#webpage\"},\"articleSection\":\"Cultura Goi\\u00e2nia\"},{\"@type\":\"BreadcrumbList\",\"@id\":\"https:\\\/\\\/www.encontragoiania.com.br\\\/sobre\\\/festival-do-bem-marca-comemoracoes-do-aniversario-de-goiania\\\/#breadcrumblist\",\"itemListElement\":[{\"@type\":\"ListItem\",\"@id\":\"https:\\\/\\\/www.encontragoiania.com.br\\\/sobre#listItem\",\"position\":1,\"name\":\"In\\u00edcio\",\"item\":\"https:\\\/\\\/www.encontragoiania.com.br\\\/sobre\",\"nextItem\":{\"@type\":\"ListItem\",\"@id\":\"https:\\\/\\\/www.encontragoiania.com.br\\\/sobre\\\/cultura-em-goiania\\\/#listItem\",\"name\":\"Cultura Goi\\u00e2nia\"}},{\"@type\":\"ListItem\",\"@id\":\"https:\\\/\\\/www.encontragoiania.com.br\\\/sobre\\\/cultura-em-goiania\\\/#listItem\",\"position\":2,\"name\":\"Cultura Goi\\u00e2nia\",\"item\":\"https:\\\/\\\/www.encontragoiania.com.br\\\/sobre\\\/cultura-em-goiania\\\/\",\"nextItem\":{\"@type\":\"ListItem\",\"@id\":\"https:\\\/\\\/www.encontragoiania.com.br\\\/sobre\\\/festival-do-bem-marca-comemoracoes-do-aniversario-de-goiania\\\/#listItem\",\"name\":\"Festival do Bem marca comemora\\u00e7\\u00f5es do anivers\\u00e1rio de Goi\\u00e2nia\"},\"previousItem\":{\"@type\":\"ListItem\",\"@id\":\"https:\\\/\\\/www.encontragoiania.com.br\\\/sobre#listItem\",\"name\":\"In\\u00edcio\"}},{\"@type\":\"ListItem\",\"@id\":\"https:\\\/\\\/www.encontragoiania.com.br\\\/sobre\\\/festival-do-bem-marca-comemoracoes-do-aniversario-de-goiania\\\/#listItem\",\"position\":3,\"name\":\"Festival do Bem marca comemora\\u00e7\\u00f5es do anivers\\u00e1rio de Goi\\u00e2nia\",\"previousItem\":{\"@type\":\"ListItem\",\"@id\":\"https:\\\/\\\/www.encontragoiania.com.br\\\/sobre\\\/cultura-em-goiania\\\/#listItem\",\"name\":\"Cultura Goi\\u00e2nia\"}}]},{\"@type\":\"Organization\",\"@id\":\"https:\\\/\\\/www.encontragoiania.com.br\\\/sobre\\\/#organization\",\"name\":\"Encontra Goi\\u00e2nia\",\"description\":\"Not\\u00edcias, eventos, informa\\u00e7\\u00f5es e dicas na cidade Goi\\u00e2nia e regi\\u00e3o.\",\"url\":\"https:\\\/\\\/www.encontragoiania.com.br\\\/sobre\\\/\"},{\"@type\":\"Person\",\"@id\":\"https:\\\/\\\/www.encontragoiania.com.br\\\/sobre\\\/author\\\/egoiania\\\/#author\",\"url\":\"https:\\\/\\\/www.encontragoiania.com.br\\\/sobre\\\/author\\\/egoiania\\\/\",\"name\":\"Encontra Goi\\u00e2nia\",\"image\":{\"@type\":\"ImageObject\",\"@id\":\"https:\\\/\\\/www.encontragoiania.com.br\\\/sobre\\\/festival-do-bem-marca-comemoracoes-do-aniversario-de-goiania\\\/#authorImage\",\"url\":\"https:\\\/\\\/secure.gravatar.com\\\/avatar\\\/507340682b8270222e1f208e23198b6ae7e2c6a1033ae84e99bc6bce4f82a387?s=96&d=mm&r=g\",\"width\":96,\"height\":96,\"caption\":\"Encontra Goi\\u00e2nia\"}},{\"@type\":\"WebPage\",\"@id\":\"https:\\\/\\\/www.encontragoiania.com.br\\\/sobre\\\/festival-do-bem-marca-comemoracoes-do-aniversario-de-goiania\\\/#webpage\",\"url\":\"https:\\\/\\\/www.encontragoiania.com.br\\\/sobre\\\/festival-do-bem-marca-comemoracoes-do-aniversario-de-goiania\\\/\",\"name\":\"Festival do Bem marca comemora\\u00e7\\u00f5es do anivers\\u00e1rio de Goi\\u00e2nia | Encontra Goi\\u00e2nia\",\"description\":\"Festival do Bem traz entretenimento e solidariedade para comemorar Goi\\u00e2nia.\",\"inLanguage\":\"pt-BR\",\"isPartOf\":{\"@id\":\"https:\\\/\\\/www.encontragoiania.com.br\\\/sobre\\\/#website\"},\"breadcrumb\":{\"@id\":\"https:\\\/\\\/www.encontragoiania.com.br\\\/sobre\\\/festival-do-bem-marca-comemoracoes-do-aniversario-de-goiania\\\/#breadcrumblist\"},\"author\":{\"@id\":\"https:\\\/\\\/www.encontragoiania.com.br\\\/sobre\\\/author\\\/egoiania\\\/#author\"},\"creator\":{\"@id\":\"https:\\\/\\\/www.encontragoiania.com.br\\\/sobre\\\/author\\\/egoiania\\\/#author\"},\"datePublished\":\"2025-10-31T06:55:00-03:00\",\"dateModified\":\"2025-10-31T06:55:00-03:00\"},{\"@type\":\"WebSite\",\"@id\":\"https:\\\/\\\/www.encontragoiania.com.br\\\/sobre\\\/#website\",\"url\":\"https:\\\/\\\/www.encontragoiania.com.br\\\/sobre\\\/\",\"name\":\"Encontra Goi\\u00e2nia\",\"description\":\"Not\\u00edcias, eventos, informa\\u00e7\\u00f5es e dicas na cidade Goi\\u00e2nia e regi\\u00e3o.\",\"inLanguage\":\"pt-BR\",\"publisher\":{\"@id\":\"https:\\\/\\\/www.encontragoiania.com.br\\\/sobre\\\/#organization\"}}]}\n\t\t<\/script>\n\t\t<!-- All in One SEO -->\n\n","aioseo_head_json":{"title":"Festival do Bem marca comemora\u00e7\u00f5es do anivers\u00e1rio de Goi\u00e2nia | Encontra Goi\u00e2nia","description":"Festival do Bem traz entretenimento e solidariedade para comemorar Goi\u00e2nia.","canonical_url":"https:\/\/www.encontragoiania.com.br\/sobre\/festival-do-bem-marca-comemoracoes-do-aniversario-de-goiania\/","robots":"max-image-preview:large","keywords":"","webmasterTools":{"miscellaneous":""},"schema":{"@context":"https:\/\/schema.org","@graph":[{"@type":"Article","@id":"https:\/\/www.encontragoiania.com.br\/sobre\/festival-do-bem-marca-comemoracoes-do-aniversario-de-goiania\/#article","name":"Festival do Bem marca comemora\u00e7\u00f5es do anivers\u00e1rio de Goi\u00e2nia | Encontra Goi\u00e2nia","headline":"Festival do Bem marca comemora\u00e7\u00f5es do anivers\u00e1rio de Goi\u00e2nia","author":{"@id":"https:\/\/www.encontragoiania.com.br\/sobre\/author\/egoiania\/#author"},"publisher":{"@id":"https:\/\/www.encontragoiania.com.br\/sobre\/#organization"},"datePublished":"2025-10-31T06:55:00-03:00","dateModified":"2025-10-31T06:55:00-03:00","inLanguage":"pt-BR","mainEntityOfPage":{"@id":"https:\/\/www.encontragoiania.com.br\/sobre\/festival-do-bem-marca-comemoracoes-do-aniversario-de-goiania\/#webpage"},"isPartOf":{"@id":"https:\/\/www.encontragoiania.com.br\/sobre\/festival-do-bem-marca-comemoracoes-do-aniversario-de-goiania\/#webpage"},"articleSection":"Cultura Goi\u00e2nia"},{"@type":"BreadcrumbList","@id":"https:\/\/www.encontragoiania.com.br\/sobre\/festival-do-bem-marca-comemoracoes-do-aniversario-de-goiania\/#breadcrumblist","itemListElement":[{"@type":"ListItem","@id":"https:\/\/www.encontragoiania.com.br\/sobre#listItem","position":1,"name":"In\u00edcio","item":"https:\/\/www.encontragoiania.com.br\/sobre","nextItem":{"@type":"ListItem","@id":"https:\/\/www.encontragoiania.com.br\/sobre\/cultura-em-goiania\/#listItem","name":"Cultura Goi\u00e2nia"}},{"@type":"ListItem","@id":"https:\/\/www.encontragoiania.com.br\/sobre\/cultura-em-goiania\/#listItem","position":2,"name":"Cultura Goi\u00e2nia","item":"https:\/\/www.encontragoiania.com.br\/sobre\/cultura-em-goiania\/","nextItem":{"@type":"ListItem","@id":"https:\/\/www.encontragoiania.com.br\/sobre\/festival-do-bem-marca-comemoracoes-do-aniversario-de-goiania\/#listItem","name":"Festival do Bem marca comemora\u00e7\u00f5es do anivers\u00e1rio de Goi\u00e2nia"},"previousItem":{"@type":"ListItem","@id":"https:\/\/www.encontragoiania.com.br\/sobre#listItem","name":"In\u00edcio"}},{"@type":"ListItem","@id":"https:\/\/www.encontragoiania.com.br\/sobre\/festival-do-bem-marca-comemoracoes-do-aniversario-de-goiania\/#listItem","position":3,"name":"Festival do Bem marca comemora\u00e7\u00f5es do anivers\u00e1rio de Goi\u00e2nia","previousItem":{"@type":"ListItem","@id":"https:\/\/www.encontragoiania.com.br\/sobre\/cultura-em-goiania\/#listItem","name":"Cultura Goi\u00e2nia"}}]},{"@type":"Organization","@id":"https:\/\/www.encontragoiania.com.br\/sobre\/#organization","name":"Encontra Goi\u00e2nia","description":"Not\u00edcias, eventos, informa\u00e7\u00f5es e dicas na cidade Goi\u00e2nia e regi\u00e3o.","url":"https:\/\/www.encontragoiania.com.br\/sobre\/"},{"@type":"Person","@id":"https:\/\/www.encontragoiania.com.br\/sobre\/author\/egoiania\/#author","url":"https:\/\/www.encontragoiania.com.br\/sobre\/author\/egoiania\/","name":"Encontra Goi\u00e2nia","image":{"@type":"ImageObject","@id":"https:\/\/www.encontragoiania.com.br\/sobre\/festival-do-bem-marca-comemoracoes-do-aniversario-de-goiania\/#authorImage","url":"https:\/\/secure.gravatar.com\/avatar\/507340682b8270222e1f208e23198b6ae7e2c6a1033ae84e99bc6bce4f82a387?s=96&d=mm&r=g","width":96,"height":96,"caption":"Encontra Goi\u00e2nia"}},{"@type":"WebPage","@id":"https:\/\/www.encontragoiania.com.br\/sobre\/festival-do-bem-marca-comemoracoes-do-aniversario-de-goiania\/#webpage","url":"https:\/\/www.encontragoiania.com.br\/sobre\/festival-do-bem-marca-comemoracoes-do-aniversario-de-goiania\/","name":"Festival do Bem marca comemora\u00e7\u00f5es do anivers\u00e1rio de Goi\u00e2nia | Encontra Goi\u00e2nia","description":"Festival do Bem traz entretenimento e solidariedade para comemorar Goi\u00e2nia.","inLanguage":"pt-BR","isPartOf":{"@id":"https:\/\/www.encontragoiania.com.br\/sobre\/#website"},"breadcrumb":{"@id":"https:\/\/www.encontragoiania.com.br\/sobre\/festival-do-bem-marca-comemoracoes-do-aniversario-de-goiania\/#breadcrumblist"},"author":{"@id":"https:\/\/www.encontragoiania.com.br\/sobre\/author\/egoiania\/#author"},"creator":{"@id":"https:\/\/www.encontragoiania.com.br\/sobre\/author\/egoiania\/#author"},"datePublished":"2025-10-31T06:55:00-03:00","dateModified":"2025-10-31T06:55:00-03:00"},{"@type":"WebSite","@id":"https:\/\/www.encontragoiania.com.br\/sobre\/#website","url":"https:\/\/www.encontragoiania.com.br\/sobre\/","name":"Encontra Goi\u00e2nia","description":"Not\u00edcias, eventos, informa\u00e7\u00f5es e dicas na cidade Goi\u00e2nia e regi\u00e3o.","inLanguage":"pt-BR","publisher":{"@id":"https:\/\/www.encontragoiania.com.br\/sobre\/#organization"}}]},"og:locale":"pt_BR","og:site_name":"Encontra Goi\u00e2nia | Not\u00edcias, eventos, informa\u00e7\u00f5es e dicas na cidade Goi\u00e2nia e regi\u00e3o.","og:type":"article","og:title":"Festival do Bem marca comemora\u00e7\u00f5es do anivers\u00e1rio de Goi\u00e2nia | Encontra Goi\u00e2nia","og:description":"Festival do Bem traz entretenimento e solidariedade para comemorar Goi\u00e2nia.","og:url":"https:\/\/www.encontragoiania.com.br\/sobre\/festival-do-bem-marca-comemoracoes-do-aniversario-de-goiania\/","article:published_time":"2025-10-31T09:55:00+00:00","article:modified_time":"2025-10-31T09:55:00+00:00","twitter:card":"summary","twitter:title":"Festival do Bem marca comemora\u00e7\u00f5es do anivers\u00e1rio de Goi\u00e2nia | Encontra Goi\u00e2nia","twitter:description":"Festival do Bem traz entretenimento e solidariedade para comemorar Goi\u00e2nia."},"aioseo_meta_data":{"post_id":"3307","title":null,"description":null,"keywords":null,"keyphrases":null,"primary_term":null,"canonical_url":null,"og_title":null,"og_description":null,"og_object_type":"default","og_image_type":"default","og_image_url":null,"og_image_width":null,"og_image_height":null,"og_image_custom_url":null,"og_image_custom_fields":null,"og_video":null,"og_custom_url":null,"og_article_section":null,"og_article_tags":null,"twitter_use_og":false,"twitter_card":"default","twitter_image_type":"default","twitter_image_url":null,"twitter_image_custom_url":null,"twitter_image_custom_fields":null,"twitter_title":null,"twitter_description":null,"schema":{"blockGraphs":[],"customGraphs":[],"default":{"data":{"Article":[],"Course":[],"Dataset":[],"FAQPage":[],"Movie":[],"Person":[],"Product":[],"ProductReview":[],"Car":[],"Recipe":[],"Service":[],"SoftwareApplication":[],"WebPage":[]},"graphName":"Article","isEnabled":true},"graphs":[]},"schema_type":"default","schema_type_options":null,"pillar_content":false,"robots_default":true,"robots_noindex":false,"robots_noarchive":false,"robots_nosnippet":false,"robots_nofollow":false,"robots_noimageindex":false,"robots_noodp":false,"robots_notranslate":false,"robots_max_snippet":null,"robots_max_videopreview":null,"robots_max_imagepreview":"large","priority":null,"frequency":null,"local_seo":null,"breadcrumb_settings":null,"limit_modified_date":false,"ai":null,"created":"2025-11-01 12:04:40","updated":"2025-11-01 12:06:48","focus_keyword":null,"additional_keywords":null,"truseo_locale":null,"seo_analyzer_scan_date":null},"aioseo_breadcrumb":"<div class=\"aioseo-breadcrumbs\"><span class=\"aioseo-breadcrumb\">\n\t\t\t<a href=\"https:\/\/www.encontragoiania.com.br\/sobre\" title=\"In\u00edcio\">In\u00edcio<\/a>\n\t\t<\/span><span class=\"aioseo-breadcrumb-separator\">&raquo;<\/span><span class=\"aioseo-breadcrumb\">\n\t\t\t<a href=\"https:\/\/www.encontragoiania.com.br\/sobre\/cultura-em-goiania\/\" title=\"Cultura Goi\u00e2nia\">Cultura Goi\u00e2nia<\/a>\n\t\t<\/span><span class=\"aioseo-breadcrumb-separator\">&raquo;<\/span><span class=\"aioseo-breadcrumb\">\n\t\t\tFestival do Bem marca comemora\u00e7\u00f5es do anivers\u00e1rio de Goi\u00e2nia\n\t\t<\/span><\/div>","aioseo_breadcrumb_json":[{"label":"In\u00edcio","link":"https:\/\/www.encontragoiania.com.br\/sobre"},{"label":"Cultura Goi\u00e2nia","link":"https:\/\/www.encontragoiania.com.br\/sobre\/cultura-em-goiania\/"},{"label":"Festival do Bem marca comemora\u00e7\u00f5es do anivers\u00e1rio de Goi\u00e2nia","link":"https:\/\/www.encontragoiania.com.br\/sobre\/festival-do-bem-marca-comemoracoes-do-aniversario-de-goiania\/"}],"_links":{"self":[{"href":"https:\/\/www.encontragoiania.com.br\/sobre\/wp-json\/wp\/v2\/posts\/3307","targetHints":{"allow":["GET"]}}],"collection":[{"href":"https:\/\/www.encontragoiania.com.br\/sobre\/wp-json\/wp\/v2\/posts"}],"about":[{"href":"https:\/\/www.encontragoiania.com.br\/sobre\/wp-json\/wp\/v2\/types\/post"}],"author":[{"embeddable":true,"href":"https:\/\/www.encontragoiania.com.br\/sobre\/wp-json\/wp\/v2\/users\/1"}],"replies":[{"embeddable":true,"href":"https:\/\/www.encontragoiania.com.br\/sobre\/wp-json\/wp\/v2\/comments?post=3307"}],"version-history":[{"count":0,"href":"https:\/\/www.encontragoiania.com.br\/sobre\/wp-json\/wp\/v2\/posts\/3307\/revisions"}],"wp:attachment":[{"href":"https:\/\/www.encontragoiania.com.br\/sobre\/wp-json\/wp\/v2\/media?parent=3307"}],"wp:term":[{"taxonomy":"category","embeddable":true,"href":"https:\/\/www.encontragoiania.com.br\/sobre\/wp-json\/wp\/v2\/categories?post=3307"},{"taxonomy":"post_tag","embeddable":true,"href":"https:\/\/www.encontragoiania.com.br\/sobre\/wp-json\/wp\/v2\/tags?post=3307"}],"curies":[{"name":"wp","href":"https:\/\/api.w.org\/{rel}","templated":true}]}}