{"id":3113,"date":"2019-05-29T04:43:46","date_gmt":"2019-05-29T07:43:46","guid":{"rendered":"https:\/\/www.encontragoiania.com.br\/sobre\/?p=3113"},"modified":"2019-05-29T04:43:46","modified_gmt":"2019-05-29T07:43:46","slug":"biblioteca-municipal-cora-coralina-goiania","status":"publish","type":"post","link":"https:\/\/www.encontragoiania.com.br\/sobre\/biblioteca-municipal-cora-coralina-goiania\/","title":{"rendered":"Biblioteca Municipal Cora Coralina Goi\u00e2nia"},"content":{"rendered":"<div class=\"196752fdcd61442359b13893514e4d90\" data-index=\"1\" style=\"float: none; margin:0px;\">\n<!-- Anuncio display - global -->\r\n<ins class=\"adsbygoogle\"\r\n     style=\"display:block\"\r\n     data-ad-client=\"ca-pub-8585364105181520\"\r\n     data-ad-slot=\"8789329856\"\r\n     data-ad-format=\"auto\"\r\n     data-full-width-responsive=\"true\"><\/ins>\r\n<script>\r\n     (adsbygoogle = window.adsbygoogle || []).push({});\r\n<\/script>\n<\/div>\n<p>A\u00a0<strong>Biblioteca Municipal Cora Coralina Goi\u00e2nia<\/strong>\u00a0foi inaugurada em\u00a021 de maio de 1966 e recebeu o nome de Cora Coralina somente em\u00a0julho de 1986, em homenagem \u00e0 poetisa goiana nascida em 1889.<\/p>\n<p>A biblioteca foi reformada em 2008 e ganhou um audit\u00f3rio com capacidade para 84 pessoas possibilitando a amplia\u00e7\u00e3o das atividades culturais. A entrada principal passou para a Pra\u00e7a Jesus Teixeira da Costa, onde foi instalada uma plataforma elevat\u00f3ria para facilitar o acesso de pessoas com necessidades especiais e de terceira idade.<\/p>\n<p><img loading=\"lazy\" decoding=\"async\" class=\"alignnone wp-image-3114 size-full\" title=\"Biblioteca Municipal Cora Coralina\" src=\"https:\/\/www.encontragoiania.com.br\/sobre\/wp-content\/uploads\/2019\/05\/biblioteca-cora-coralina.gif\" alt=\"Biblioteca Municipal Cora Coralina\" width=\"680\" height=\"189\" \/><\/p>\n<p>No dia 4 de julho de 2015, a Secretaria Municipal de Cultura, em parceria com a Secretaria Municipal de Pol\u00edticas para as Mulheres, inaugurou a primeira sala tem\u00e1tica feminista de S\u00e3o Paulo. Concebida a partir da voca\u00e7\u00e3o natural do espa\u00e7o da biblioteca, que j\u00e1 recebe o nome de uma marcante escritora brasileira, o local se prop\u00f5e a valorizar a luta e as a\u00e7\u00f5es do movimento em defesa dos direitos das mulheres. Sob a curadoria da artista Biba Rigo, uma das salas desta biblioteca recebeu ambienta\u00e7\u00e3o com a tem\u00e1tica feminista, contando com a participa\u00e7\u00e3o das mulheres que, a partir de suas pr\u00f3prias hist\u00f3rias, olhares e experi\u00eancias, participaram de oficinas de artes visuais e garantiram ao local um visual com destaque para o empoderamento das mulheres na apropria\u00e7\u00e3o de seu espa\u00e7o.<\/p>\n<p>Al\u00e9m de um acervo com mais de mil obras para consultas, estudos e pesquisas, a Biblioteca Tem\u00e1tica Feminista Cora Coralina quer se consolidar como um ponto de refer\u00eancia cultural na discuss\u00e3o de g\u00eanero e feminismo de S\u00e3o Paulo, a partir de uma programa\u00e7\u00e3o cultural continuada, com atividades de cinema, m\u00fasica, teatro, literatura, rodas de conversa e oficinas.<\/p>\n<p>Em janeiro de 2008, pelo Decreto no 49.172 passou a denominar-se Biblioteca P\u00fablica Cora Coralina e em dezembro de 2016 , pelo Decreto no 57.528, Biblioteca P\u00fablica Municipal Cora Coralina.<\/p>\n<h2>Biblioteca Municipal Cora Coralina\u00a0Goi\u00e2nia\u00a0Acervo<\/h2>\n<p>A Biblioteca conta com\u00a0seu\u00a0<em>acervo<\/em>\u00a0dividido em:<\/p>\n<ul>\n<li>Acervo Geral: com de mais 47 mil exemplares constitu\u00eddo por livros de literatura e informa\u00e7\u00e3o, revistas, atlas, multim\u00eddia, livros falados e audiolivros, etc.\u00a0Todo o acervo de livros pode ser encontrado no cat\u00e1logo online do Sistema Municipal de Bibliotecas.<\/li>\n<li>Acervo de Filmes em DVD:\u00a0A Biblioteca coloca \u00e0 disposi\u00e7\u00e3o dos usu\u00e1rios um acervo de filmes em formato de DVD, de g\u00eaneros diversificados, document\u00e1rios e infantis para exibi\u00e7\u00e3o e consulta individual em cabines instaladas para este fim.<\/li>\n<li>Acervo Feminista: Em 4 de julho de 2015 a biblioteca passa a ser tem\u00e1tica feminista, ganhando acervo espec\u00edfico com 720 obras, al\u00e9m da Cole\u00e7\u00e3o Rosangela Rigo com mais 355 t\u00edtulos, e ainda revistas e peri\u00f3dicos.<\/li>\n<\/ul>\n<h3>Hor\u00e1rio de Funcionamento\u00a0Biblioteca Municipal Cora Coralina em Goi\u00e2nia<\/h3>\n<ul>\n<li>Segunda a Sexta das 07h30 \u00e0s 21h<\/li>\n<\/ul>\n<h3>Onde Fica, Endere\u00e7o e Telefone\u00a0Biblioteca Municipal Cora Coralina em Goi\u00e2nia<\/h3>\n<ul>\n<li>Av. 24 de Outubro, 120 &#8211; St. Campinas &#8211; Goi\u00e2nia &#8211; GO<\/li>\n<li>Telefone:\u00a0(62) 3524-1975<\/li>\n<\/ul>\n<h4>Mapa de localiza\u00e7\u00e3o<\/h4>\n<a class=\"wp-colorbox-iframe\" href=\"https:\/\/www.google.com\/maps\/embed?pb=!1m14!1m8!1m3!1d15288.733843691125!2d-49.2947558!3d-16.6677004!3m2!1i1024!2i768!4f13.1!3m3!1m2!1s0x00x7bbfcd72de24f351!2sBiblioteca+Municipal+Cora+Coralina!5e0!3m2!1spt-BR!2sbr!4v1559115452614!5m2!1spt-BR!2sbr\"><img decoding=\"async\" src=\"http:\/\/www.encontragoiania.com.br\/imgs\/maps-post.png\"><\/a>\n\n<div style=\"font-size: 0px; height: 0px; line-height: 0px; margin: 0; padding: 0; clear: both;\"><\/div>","protected":false},"excerpt":{"rendered":"<p>A\u00a0Biblioteca Municipal Cora Coralina Goi\u00e2nia\u00a0foi inaugurada em\u00a021 de maio de 1966 e recebeu o nome de Cora Coralina somente em\u00a0julho de 1986, em homenagem \u00e0 poetisa goiana nascida em 1889. A biblioteca foi reformada em 2008 e ganhou um audit\u00f3rio com capacidade para 84 pessoas possibilitando a amplia\u00e7\u00e3o das atividades culturais. A entrada principal passou para a Pra\u00e7a Jesus Teixeira da Costa, onde foi instalada uma plataforma elevat\u00f3ria para facilitar o acesso de pessoas com necessidades especiais e de terceira idade. No dia 4 de julho de 2015, a Secretaria Municipal de Cultura, em parceria com a Secretaria Municipal de <\/p>\n","protected":false},"author":1,"featured_media":3114,"comment_status":"open","ping_status":"closed","sticky":false,"template":"","format":"standard","meta":{"footnotes":""},"categories":[25],"tags":[],"class_list":["post-3113","post","type-post","status-publish","format-standard","has-post-thumbnail","hentry","category-cultura-em-goiania","has_thumb"],"aioseo_notices":[],"_links":{"self":[{"href":"https:\/\/www.encontragoiania.com.br\/sobre\/wp-json\/wp\/v2\/posts\/3113","targetHints":{"allow":["GET"]}}],"collection":[{"href":"https:\/\/www.encontragoiania.com.br\/sobre\/wp-json\/wp\/v2\/posts"}],"about":[{"href":"https:\/\/www.encontragoiania.com.br\/sobre\/wp-json\/wp\/v2\/types\/post"}],"author":[{"embeddable":true,"href":"https:\/\/www.encontragoiania.com.br\/sobre\/wp-json\/wp\/v2\/users\/1"}],"replies":[{"embeddable":true,"href":"https:\/\/www.encontragoiania.com.br\/sobre\/wp-json\/wp\/v2\/comments?post=3113"}],"version-history":[{"count":0,"href":"https:\/\/www.encontragoiania.com.br\/sobre\/wp-json\/wp\/v2\/posts\/3113\/revisions"}],"wp:featuredmedia":[{"embeddable":true,"href":"https:\/\/www.encontragoiania.com.br\/sobre\/wp-json\/wp\/v2\/media\/3114"}],"wp:attachment":[{"href":"https:\/\/www.encontragoiania.com.br\/sobre\/wp-json\/wp\/v2\/media?parent=3113"}],"wp:term":[{"taxonomy":"category","embeddable":true,"href":"https:\/\/www.encontragoiania.com.br\/sobre\/wp-json\/wp\/v2\/categories?post=3113"},{"taxonomy":"post_tag","embeddable":true,"href":"https:\/\/www.encontragoiania.com.br\/sobre\/wp-json\/wp\/v2\/tags?post=3113"}],"curies":[{"name":"wp","href":"https:\/\/api.w.org\/{rel}","templated":true}]}}