{"id":273,"date":"2013-09-13T01:58:06","date_gmt":"2013-09-13T04:58:06","guid":{"rendered":"http:\/\/www.encontragoiania.com.br\/noticias\/?p=273"},"modified":"2019-04-15T11:52:53","modified_gmt":"2019-04-15T14:52:53","slug":"goiania-epaz-apresenta-acoes-durante-simposio-internacional","status":"publish","type":"post","link":"https:\/\/www.encontragoiania.com.br\/sobre\/goiania-epaz-apresenta-acoes-durante-simposio-internacional\/","title":{"rendered":"Goi\u00e2nia: Epaz apresenta a\u00e7\u00f5es durante Simp\u00f3sio Internacional"},"content":{"rendered":"<div class=\"196752fdcd61442359b13893514e4d90\" data-index=\"1\" style=\"float: none; margin:0px;\">\n<!-- Anuncio display - global -->\r\n<ins class=\"adsbygoogle\"\r\n     style=\"display:block\"\r\n     data-ad-client=\"ca-pub-8585364105181520\"\r\n     data-ad-slot=\"8789329856\"\r\n     data-ad-format=\"auto\"\r\n     data-full-width-responsive=\"true\"><\/ins>\r\n<script>\r\n     (adsbygoogle = window.adsbygoogle || []).push({});\r\n<\/script>\n<\/div>\n<p>A experi\u00eancia desenvolvida pela Secretaria Municipal de Educa\u00e7\u00e3o de Goi\u00e2nia, por meio da Pol\u00edtica Articulada de Educa\u00e7\u00e3o da Paz (Epaz), ser\u00e1 apresentada no III Simp\u00f3sio Internacional de Sa\u00fade Qu\u00e2ntica e Qualidade de Vida que ser\u00e1 realizado no Pal\u00e1cio de Conven\u00e7\u00f5es Anhembi, em S\u00e3o Paulo-SP, nos pr\u00f3ximos dias 13 a 15. A\u00e7\u00f5es em destaque s\u00e3o referentes a melhoria dos processos educacionais e integra\u00e7\u00e3o intersetorial para promo\u00e7\u00e3o da cultura da paz, promo\u00e7\u00e3o da sa\u00fade e media\u00e7\u00e3o de conflitos.<\/p>\n<p>A apresenta\u00e7\u00e3o do trabalho \u00e9 o reconhecimento da proposta desenvolvida em escolas e centros municipais de educa\u00e7\u00e3o infantil (Cmei). Nesses locais, as iniciativas s\u00e3o voltadas para a cultura da paz, valores humanos, igualdade racial, direitos humanos, educa\u00e7\u00e3o ambiental, sustentabilidade, rela\u00e7\u00f5es humanas, \u00e9tica, media\u00e7\u00e3o escolar, sa\u00fade integral e qualidade de vida.<\/p>\n<p>Cientistas de diversas partes do mundo participam do Simp\u00f3sio Internacional de Sa\u00fade Qu\u00e2ntica e Qualidade de Vida que tem como objetivo promover novo paradigma na sa\u00fade, que contemple aspectos materiais, mentais, emocionais e espirituais. Representando o munic\u00edpio de Goi\u00e2nia, a coordenadora da Epaz, Genivalda Cravo, apresentar\u00e1 a proposta por meio de banner.<\/p>\n<p><b>Epaz<br \/>\n<\/b>A Epaz foi institu\u00edda em 2011 com o objetivo de promover, articular e integrar iniciativas de preven\u00e7\u00e3o e acompanhamento de conflitos e viol\u00eancia, atuando para consolidar uma cultura de paz. Em todas as regi\u00f5es da cidade, mais de 200 unidades educacionais t\u00eam desenvolvido projetos voltados especificamente para a tem\u00e1tica, bem como todas as demais trabalham tais valores inclusos na proposta pol\u00edtico-pedag\u00f3gica, de modo interdisciplinar.<\/p>\n<p><b>Servi\u00e7o<br \/>\n<\/b>Assunto: Epaz participa de Simp\u00f3sio Internacional<br \/>\nData: 13 a 15 de setembro de 2013<br \/>\nLocal: Pal\u00e1cio de Conven\u00e7\u00f5es Anhembi \u2013 S\u00e3o Paulo-SP<br \/>\nContato: (62) 3524-5054 \/ Assessoria de Comunica\u00e7\u00e3o da SME<\/p>\n\n<div style=\"font-size: 0px; height: 0px; line-height: 0px; margin: 0; padding: 0; clear: both;\"><\/div>","protected":false},"excerpt":{"rendered":"<p>A experi\u00eancia desenvolvida pela Secretaria Municipal de Educa\u00e7\u00e3o de Goi\u00e2nia, por meio da Pol\u00edtica Articulada de Educa\u00e7\u00e3o da Paz (Epaz), ser\u00e1 apresentada no III Simp\u00f3sio Internacional de Sa\u00fade Qu\u00e2ntica e Qualidade de Vida que ser\u00e1 realizado no Pal\u00e1cio de Conven\u00e7\u00f5es Anhembi, em S\u00e3o Paulo-SP, nos pr\u00f3ximos dias 13 a 15. A\u00e7\u00f5es em destaque s\u00e3o referentes a melhoria dos processos educacionais e integra\u00e7\u00e3o intersetorial para promo\u00e7\u00e3o da cultura da paz, promo\u00e7\u00e3o da sa\u00fade e media\u00e7\u00e3o de conflitos. A apresenta\u00e7\u00e3o do trabalho \u00e9 o reconhecimento da proposta desenvolvida em escolas e centros municipais de educa\u00e7\u00e3o infantil (Cmei). Nesses locais, as iniciativas s\u00e3o <\/p>\n","protected":false},"author":1,"featured_media":0,"comment_status":"open","ping_status":"closed","sticky":false,"template":"","format":"standard","meta":{"footnotes":""},"categories":[6],"tags":[],"class_list":["post-273","post","type-post","status-publish","format-standard","hentry","category-noticias-em-goiania"],"aioseo_notices":[],"_links":{"self":[{"href":"https:\/\/www.encontragoiania.com.br\/sobre\/wp-json\/wp\/v2\/posts\/273","targetHints":{"allow":["GET"]}}],"collection":[{"href":"https:\/\/www.encontragoiania.com.br\/sobre\/wp-json\/wp\/v2\/posts"}],"about":[{"href":"https:\/\/www.encontragoiania.com.br\/sobre\/wp-json\/wp\/v2\/types\/post"}],"author":[{"embeddable":true,"href":"https:\/\/www.encontragoiania.com.br\/sobre\/wp-json\/wp\/v2\/users\/1"}],"replies":[{"embeddable":true,"href":"https:\/\/www.encontragoiania.com.br\/sobre\/wp-json\/wp\/v2\/comments?post=273"}],"version-history":[{"count":0,"href":"https:\/\/www.encontragoiania.com.br\/sobre\/wp-json\/wp\/v2\/posts\/273\/revisions"}],"wp:attachment":[{"href":"https:\/\/www.encontragoiania.com.br\/sobre\/wp-json\/wp\/v2\/media?parent=273"}],"wp:term":[{"taxonomy":"category","embeddable":true,"href":"https:\/\/www.encontragoiania.com.br\/sobre\/wp-json\/wp\/v2\/categories?post=273"},{"taxonomy":"post_tag","embeddable":true,"href":"https:\/\/www.encontragoiania.com.br\/sobre\/wp-json\/wp\/v2\/tags?post=273"}],"curies":[{"name":"wp","href":"https:\/\/api.w.org\/{rel}","templated":true}]}}