{"id":218,"date":"2013-05-31T00:01:15","date_gmt":"2013-05-31T03:01:15","guid":{"rendered":"http:\/\/www.encontragoiania.com.br\/noticias\/?p=218"},"modified":"2019-04-15T11:53:14","modified_gmt":"2019-04-15T14:53:14","slug":"congresso-da-une-reune-estudantes-de-todo-o-pais-em-goiania","status":"publish","type":"post","link":"https:\/\/www.encontragoiania.com.br\/sobre\/congresso-da-une-reune-estudantes-de-todo-o-pais-em-goiania\/","title":{"rendered":"Congresso da UNE re\u00fane estudantes de todo o pa\u00eds em Goi\u00e2nia"},"content":{"rendered":"<div class=\"196752fdcd61442359b13893514e4d90\" data-index=\"1\" style=\"float: none; margin:0px;\">\n<!-- Anuncio display - global -->\r\n<ins class=\"adsbygoogle\"\r\n     style=\"display:block\"\r\n     data-ad-client=\"ca-pub-8585364105181520\"\r\n     data-ad-slot=\"8789329856\"\r\n     data-ad-format=\"auto\"\r\n     data-full-width-responsive=\"true\"><\/ins>\r\n<script>\r\n     (adsbygoogle = window.adsbygoogle || []).push({});\r\n<\/script>\n<\/div>\n<p>Estudantes de todo o pa\u00eds se re\u00fanem em <a href=\"http:\/\/www.encontragoiania.com.br\" target=\"_blank\">guia\u00a0Goi\u00e2nia<\/a>\u00a0para o 53\u00ba Congresso da Uni\u00e3o Nacional dos Estudantes (UNE). A organiza\u00e7\u00e3o do Conune, como tamb\u00e9m \u00e9 chamado, espera receber cerca de 10 mil estudantes no evento, que segue at\u00e9 domingo (2).<\/p>\n<p>Essa \u00e9 a sexta vez que o Congresso da UNE \u00e9 realizado em Goi\u00e2nia. Os\u00a0recentes protestos que terminaram com a pris\u00e3o de estudantes na capital\u00a0dominou a abertura do Conune, na noite de quinta-feira (29). \u201cEsse \u00e9 o momento de repudiar a trucul\u00eancia da Pol\u00edcia de Goi\u00e1s\u201d, afirmou o presidente da entidade, Daniel Iliescu. Ele tamb\u00e9m criticou a a\u00e7\u00e3o de jovens que cobriram o rosto com m\u00e1scaras e camisetas e tiveram atitudes violentas.<\/p>\n<p>Na noite da \u00faltima ter\u00e7a-feira (28),\u00a0mais de 20 jovens acabaram detidos\u00a0por causa de uma manifesta\u00e7\u00e3o contra o aumento da tarifa do transporte coletivo. Estudantes atearam fogo e depredaram \u00f4nibus durante o protesto. Houve confronto com a Pol\u00edcia Militar.<\/p>\n<p>Debates<\/p>\n<p>Entre os principais temas a serem debatidos pelos estudantes no <a title=\"Eventos em Goi\u00e2nia\" href=\"http:\/\/www.encontragoiania.com.br\/e\/eventos-em-goiania.shtml\" target=\"_blank\">evento na cidade de Goi\u00e2nia<\/a> este ano est\u00e3o: a situa\u00e7\u00e3o das universidades brasileiras, o financiamento para o ensino superior, o combate \u00e0 homofobia e \u00e0 intoler\u00e2ncia, a quest\u00e3o das drogas, meio ambiente e a abertura dos arquivos da ditadura.<\/p>\n<p>A maior parte das atividades do congresso est\u00e1 concentrada na Pra\u00e7a Universit\u00e1ria, no Setor Universit\u00e1rio. Em tendas, o p\u00fablico participa de debates e assiste a apresenta\u00e7\u00f5es culturais.<\/p>\n<p>Hoje (sexta-feira, 31), o ministro da Educa\u00e7\u00e3o\u00a0Aloizio Mercadante\u00a0re\u00fane-se com participantes para discutir o Prouni. A partir das 10h, no Centro de Conven\u00e7\u00f5es de Goi\u00e2nia (<a href=\"http:\/\/www.encontrago.com.br\" target=\"_blank\">Estado GO<\/a>), Mercadante deve falar sobre o programa e ouvir cr\u00edticas e sugest\u00f5es dos estudantes. No mesmo dia, a partir das 14h, ser\u00e1 realizada uma passeata pelas ruas de Goi\u00e2nia em defesa da destina\u00e7\u00e3o de 10% do PIB para a Educa\u00e7\u00e3o P\u00fablica.<\/p>\n<p>O Congresso da UNE chega ao fim no domingo, com a elei\u00e7\u00e3o da nova mesa diretora e do novo presidente da entidade. A plen\u00e1ria final come\u00e7a \u00e0s 11h, no Gin\u00e1sio Arena Goi\u00e2nia.<\/p>\n<p><em>Fonte: G1<\/em><\/p>\n\n<div style=\"font-size: 0px; height: 0px; line-height: 0px; margin: 0; padding: 0; clear: both;\"><\/div>","protected":false},"excerpt":{"rendered":"<p>Estudantes de todo o pa\u00eds se re\u00fanem em guia\u00a0Goi\u00e2nia\u00a0para o 53\u00ba Congresso da Uni\u00e3o Nacional dos Estudantes (UNE). A organiza\u00e7\u00e3o do Conune, como tamb\u00e9m \u00e9 chamado, espera receber cerca de 10 mil estudantes no evento, que segue at\u00e9 domingo (2). Essa \u00e9 a sexta vez que o Congresso da UNE \u00e9 realizado em Goi\u00e2nia. Os\u00a0recentes protestos que terminaram com a pris\u00e3o de estudantes na capital\u00a0dominou a abertura do Conune, na noite de quinta-feira (29). \u201cEsse \u00e9 o momento de repudiar a trucul\u00eancia da Pol\u00edcia de Goi\u00e1s\u201d, afirmou o presidente da entidade, Daniel Iliescu. Ele tamb\u00e9m criticou a a\u00e7\u00e3o de jovens <\/p>\n","protected":false},"author":1,"featured_media":0,"comment_status":"open","ping_status":"closed","sticky":false,"template":"","format":"standard","meta":{"footnotes":""},"categories":[6,8],"tags":[11],"class_list":["post-218","post","type-post","status-publish","format-standard","hentry","category-noticias-em-goiania","category-servicos-em-goiania","tag-goiania"],"aioseo_notices":[],"_links":{"self":[{"href":"https:\/\/www.encontragoiania.com.br\/sobre\/wp-json\/wp\/v2\/posts\/218","targetHints":{"allow":["GET"]}}],"collection":[{"href":"https:\/\/www.encontragoiania.com.br\/sobre\/wp-json\/wp\/v2\/posts"}],"about":[{"href":"https:\/\/www.encontragoiania.com.br\/sobre\/wp-json\/wp\/v2\/types\/post"}],"author":[{"embeddable":true,"href":"https:\/\/www.encontragoiania.com.br\/sobre\/wp-json\/wp\/v2\/users\/1"}],"replies":[{"embeddable":true,"href":"https:\/\/www.encontragoiania.com.br\/sobre\/wp-json\/wp\/v2\/comments?post=218"}],"version-history":[{"count":0,"href":"https:\/\/www.encontragoiania.com.br\/sobre\/wp-json\/wp\/v2\/posts\/218\/revisions"}],"wp:attachment":[{"href":"https:\/\/www.encontragoiania.com.br\/sobre\/wp-json\/wp\/v2\/media?parent=218"}],"wp:term":[{"taxonomy":"category","embeddable":true,"href":"https:\/\/www.encontragoiania.com.br\/sobre\/wp-json\/wp\/v2\/categories?post=218"},{"taxonomy":"post_tag","embeddable":true,"href":"https:\/\/www.encontragoiania.com.br\/sobre\/wp-json\/wp\/v2\/tags?post=218"}],"curies":[{"name":"wp","href":"https:\/\/api.w.org\/{rel}","templated":true}]}}