{"id":193,"date":"2013-05-09T00:01:45","date_gmt":"2013-05-09T03:01:45","guid":{"rendered":"http:\/\/www.encontragoiania.com.br\/noticias\/?p=193"},"modified":"2019-04-15T11:53:15","modified_gmt":"2019-04-15T14:53:15","slug":"rally-dos-sertoes-tera-largada-e-chegada-em-goiania","status":"publish","type":"post","link":"https:\/\/www.encontragoiania.com.br\/sobre\/rally-dos-sertoes-tera-largada-e-chegada-em-goiania\/","title":{"rendered":"Rally dos Sert\u00f5es ter\u00e1 largada e chegada em Goi\u00e2nia"},"content":{"rendered":"<div class=\"196752fdcd61442359b13893514e4d90\" data-index=\"1\" style=\"float: none; margin:0px;\">\n<!-- Anuncio display - global -->\r\n<ins class=\"adsbygoogle\"\r\n     style=\"display:block\"\r\n     data-ad-client=\"ca-pub-8585364105181520\"\r\n     data-ad-slot=\"8789329856\"\r\n     data-ad-format=\"auto\"\r\n     data-full-width-responsive=\"true\"><\/ins>\r\n<script>\r\n     (adsbygoogle = window.adsbygoogle || []).push({});\r\n<\/script>\n<\/div>\n<p>Pela segunda vez, o Rally dos Sert\u00f5es ter\u00e1 largada e chegada em <a href=\"http:\/\/www.encontragoiania.com.br\" target=\"_blank\">cidade Goi\u00e2nia<\/a>. O evento traz grande visibilidade a Goi\u00e1s. O governo do Estado ser\u00e1 o respons\u00e1vel pelo apoio log\u00edstico da corrida. O governador Marconi Perillo se reuniu ontem com o organizador do Rally, Marcos Erm\u00edrio de Moraes, e com a superintendente regional da Caixa Econ\u00f4mica Federal, Marise Fernandes. O encontro foi no Pal\u00e1cio Pedro Ludovico Teixeira. A 21\u00aa edi\u00e7\u00e3o ocorrer\u00e1 de 25 de julho a 4 de agosto. Ser\u00e3o sete categorias e 4.157 quil\u00f4metros de percurso que passar\u00e1 pelo <a href=\"http:\/\/www.encontragoias.com.br\" target=\"_blank\">Estado de Goi\u00e1s<\/a> e por Tocantins.<\/p>\n<p>Marcos Erm\u00edrio revela que outra novidade \u00e9 que a prova deste ano integra o Campeonato Mundial de Rally de motos e vale dois pontos na competi\u00e7\u00e3o. A expectativa \u00e9 que cerca de 1,7 mil pessoas participem do evento, entre eles est\u00e3o 500 mec\u00e2nicos e 160 jornalistas. O prazo para inscri\u00e7\u00f5es vai at\u00e9 o final de junho pelo site dunas.com.br.<\/p>\n<p>O empres\u00e1rio informou que a escolha pela 11\u00aa vez para que Goi\u00e1s sediasse o evento deve-se \u00e0 excelente localiza\u00e7\u00e3o geogr\u00e1fica, pelo acesso por aeroportos e voos comerciais, estradas e infraestrutura de hotelaria. \u201cTudo isso facilita muito a vinda de estrangeiros para c\u00e1 e a participa\u00e7\u00e3o dos brasileiros dentro da prova\u201d, pontuou.<\/p>\n<p>O governo do Estado apoiar\u00e1 o <a title=\"Eventos em Goi\u00e2nia\" href=\"http:\/\/www.encontragoiania.com.br\/e\/eventos-em-goiania.shtml\" target=\"_blank\">evento na cidade de Goi\u00e2nia<\/a> via Secretaria de Ind\u00fastria e Com\u00e9rcio e da Goi\u00e1s Turismo. \u201cEsse evento j\u00e1 tem aqui uma grande paix\u00e3o por parte dos goianos, isso ser\u00e1 muito importante para dar grande visibilidade ainda ao nosso Estado, nacional e mundialmente falando. Quanto mais n\u00f3s pudermos fazer essa exposi\u00e7\u00e3o positiva do nosso Estado melhor, e \u00e9 o que n\u00f3s estamos fazendo aqui\u201d, argumentou o governador.<\/p>\n<p><em>Fonte: DM<\/em><\/p>\n\n<div style=\"font-size: 0px; height: 0px; line-height: 0px; margin: 0; padding: 0; clear: both;\"><\/div>","protected":false},"excerpt":{"rendered":"<p>Pela segunda vez, o Rally dos Sert\u00f5es ter\u00e1 largada e chegada em cidade Goi\u00e2nia. O evento traz grande visibilidade a Goi\u00e1s. O governo do Estado ser\u00e1 o respons\u00e1vel pelo apoio log\u00edstico da corrida. O governador Marconi Perillo se reuniu ontem com o organizador do Rally, Marcos Erm\u00edrio de Moraes, e com a superintendente regional da Caixa Econ\u00f4mica Federal, Marise Fernandes. O encontro foi no Pal\u00e1cio Pedro Ludovico Teixeira. A 21\u00aa edi\u00e7\u00e3o ocorrer\u00e1 de 25 de julho a 4 de agosto. Ser\u00e3o sete categorias e 4.157 quil\u00f4metros de percurso que passar\u00e1 pelo Estado de Goi\u00e1s e por Tocantins. Marcos Erm\u00edrio revela <\/p>\n","protected":false},"author":1,"featured_media":0,"comment_status":"open","ping_status":"closed","sticky":false,"template":"","format":"standard","meta":{"footnotes":""},"categories":[6,8],"tags":[11],"class_list":["post-193","post","type-post","status-publish","format-standard","hentry","category-noticias-em-goiania","category-servicos-em-goiania","tag-goiania"],"aioseo_notices":[],"_links":{"self":[{"href":"https:\/\/www.encontragoiania.com.br\/sobre\/wp-json\/wp\/v2\/posts\/193","targetHints":{"allow":["GET"]}}],"collection":[{"href":"https:\/\/www.encontragoiania.com.br\/sobre\/wp-json\/wp\/v2\/posts"}],"about":[{"href":"https:\/\/www.encontragoiania.com.br\/sobre\/wp-json\/wp\/v2\/types\/post"}],"author":[{"embeddable":true,"href":"https:\/\/www.encontragoiania.com.br\/sobre\/wp-json\/wp\/v2\/users\/1"}],"replies":[{"embeddable":true,"href":"https:\/\/www.encontragoiania.com.br\/sobre\/wp-json\/wp\/v2\/comments?post=193"}],"version-history":[{"count":0,"href":"https:\/\/www.encontragoiania.com.br\/sobre\/wp-json\/wp\/v2\/posts\/193\/revisions"}],"wp:attachment":[{"href":"https:\/\/www.encontragoiania.com.br\/sobre\/wp-json\/wp\/v2\/media?parent=193"}],"wp:term":[{"taxonomy":"category","embeddable":true,"href":"https:\/\/www.encontragoiania.com.br\/sobre\/wp-json\/wp\/v2\/categories?post=193"},{"taxonomy":"post_tag","embeddable":true,"href":"https:\/\/www.encontragoiania.com.br\/sobre\/wp-json\/wp\/v2\/tags?post=193"}],"curies":[{"name":"wp","href":"https:\/\/api.w.org\/{rel}","templated":true}]}}