{"id":111,"date":"2013-03-11T00:01:22","date_gmt":"2013-03-11T03:01:22","guid":{"rendered":"http:\/\/www.encontragoiania.com.br\/noticias\/?p=111"},"modified":"2019-04-15T11:53:18","modified_gmt":"2019-04-15T14:53:18","slug":"fotos-postadas-no-instagram-viram-mostra-em-homenagem-a-niemeyer-em-goiania","status":"publish","type":"post","link":"https:\/\/www.encontragoiania.com.br\/sobre\/fotos-postadas-no-instagram-viram-mostra-em-homenagem-a-niemeyer-em-goiania\/","title":{"rendered":"Fotos postadas no Instagram viram mostra em homenagem a Niemeyer em Goi\u00e2nia"},"content":{"rendered":"<div class=\"196752fdcd61442359b13893514e4d90\" data-index=\"1\" style=\"float: none; margin:0px;\">\n<!-- Anuncio display - global -->\r\n<ins class=\"adsbygoogle\"\r\n     style=\"display:block\"\r\n     data-ad-client=\"ca-pub-8585364105181520\"\r\n     data-ad-slot=\"8789329856\"\r\n     data-ad-format=\"auto\"\r\n     data-full-width-responsive=\"true\"><\/ins>\r\n<script>\r\n     (adsbygoogle = window.adsbygoogle || []).push({});\r\n<\/script>\n<\/div>\n<p>Imagens postadas no\u00a0Instagram, rede social de compartilhamento de fotos, renderam ao arquiteto Marc\u00edlio Lemos o convite para participar do programa cultural #mudoafora, do Pr\u00e1ta\u00ed Cult Bar, no Setor Bueno, em Goi\u00e2nia. Lemos apresenta a partir do dia 15 de mar\u00e7o a colet\u00e2nea com o tema Arquitetura Brasileira e Ambientes, uma homenagem a Oscar Niemeyer, morto em dezembro de 2012. A mostra ficar\u00e1 em cartaz durante um m\u00eas.<\/p>\n<p>O <a title=\"Arquitetos em Goi\u00e2nia\" href=\"http:\/\/www.encontragoiania.com.br\/a\/arquitetos-em-goiania.shtml\" target=\"_blank\">arquiteto na cidade de Goi\u00e2nia<\/a> compartilhar\u00e1 no plano f\u00edsico as imagens virtualmente publicadas. Para isso, ele reuniu mais de 500 imagens, ampliadas em pequenos formatos, compondo um mosaico enriquecido pelos diversos filtros dispon\u00edveis no Instagram.<\/p>\n<p>Para Marc\u00edlio Lemos, a luz \u00e9 um elemento importante que sempre impacta na composi\u00e7\u00e3o est\u00e9tica. Segundo ele, entre as experi\u00eancias mais impressionantes est\u00e3o o registro de incid\u00eancia do sol sobre os volumes criados pelo c\u00e9lebre arquiteto brasileiro no centro cultural que leva o seu nome, na capital goiana.<\/p>\n<p>\u201cMantenho forte rela\u00e7\u00e3o com o Centro Cultural Oscar Niemeyer, projeto que acompanho desde a planta at\u00e9 este momento, caminho diariamente por ali, desde a obra, observando cada detalhe, porque \u00e9 onde trabalho como arquiteto servidor p\u00fablico\u201d, conta ele.<\/p>\n<p>Al\u00e9m de alguns registros da obra de Niemeyer, Lemos levar\u00e1 \u00e0 exposi\u00e7\u00e3o fotos da arquitetura colonial brasileira e contempor\u00e2nea, contemplando o estilo art d\u00e9co, \u00edcone do Centro de Goi\u00e2nia, e modernista.\u00a0 Ambientes internos fotografados pelo, tirando partido de efeitos que o Instagram potencializa, tamb\u00e9m fazem parte da mostra.<\/p>\n<p>Bate-papo<\/p>\n<p>Estudantes, profissionais, entusiastas poder\u00e3o trocar experi\u00eancias com Marc\u00edlio Lemos no encontro promovido pelo programa cultural #mundoafora. A intera\u00e7\u00e3o com o arquiteto est\u00e1 marcada para o dia 19, \u00e0s 21h.<\/p>\n<p>\u201cO bate-papo \u00e9 o embri\u00e3o de uma a\u00e7\u00e3o que vamos promover a partir de abril, estimulando encontros presenciais para o compartilhamento de fotos e v\u00eddeos\u201d, divulgou, por e-mail, a empres\u00e1ria Virg\u00ednia Meirelles, que dirige o programa cultural.<\/p>\n<p><strong>Servi\u00e7o<\/strong><\/p>\n<p>Exposi\u00e7\u00e3o fotogr\u00e1fica: Arquitetura Brasileira e Ambientes, de Marc\u00edlio Lemos<br \/>\nAbertura: 15 de mar\u00e7o, \u00e0s 19h<br \/>\nPr\u00e1ta\u00ed Cult Bar (Av. T4, esq. com\u00a0 Av.T-13, 1.478, Ed. Absolut Business Style, St. Bueno. Goi\u00e2nia)<br \/>\nEntrada Franca<br \/>\nMais informa\u00e7\u00f5es: (62) 3932-1454\/3932-1464<\/p>\n<p><em>Fonte: G1<\/em><\/p>\n\n<div style=\"font-size: 0px; height: 0px; line-height: 0px; margin: 0; padding: 0; clear: both;\"><\/div>","protected":false},"excerpt":{"rendered":"<p>Imagens postadas no\u00a0Instagram, rede social de compartilhamento de fotos, renderam ao arquiteto Marc\u00edlio Lemos o convite para participar do programa cultural #mudoafora, do Pr\u00e1ta\u00ed Cult Bar, no Setor Bueno, em Goi\u00e2nia. Lemos apresenta a partir do dia 15 de mar\u00e7o a colet\u00e2nea com o tema Arquitetura Brasileira e Ambientes, uma homenagem a Oscar Niemeyer, morto em dezembro de 2012. A mostra ficar\u00e1 em cartaz durante um m\u00eas. O arquiteto na cidade de Goi\u00e2nia compartilhar\u00e1 no plano f\u00edsico as imagens virtualmente publicadas. Para isso, ele reuniu mais de 500 imagens, ampliadas em pequenos formatos, compondo um mosaico enriquecido pelos diversos filtros <\/p>\n","protected":false},"author":1,"featured_media":0,"comment_status":"open","ping_status":"closed","sticky":false,"template":"","format":"standard","meta":{"footnotes":""},"categories":[6,8],"tags":[11],"class_list":["post-111","post","type-post","status-publish","format-standard","hentry","category-noticias-em-goiania","category-servicos-em-goiania","tag-goiania"],"aioseo_notices":[],"_links":{"self":[{"href":"https:\/\/www.encontragoiania.com.br\/sobre\/wp-json\/wp\/v2\/posts\/111","targetHints":{"allow":["GET"]}}],"collection":[{"href":"https:\/\/www.encontragoiania.com.br\/sobre\/wp-json\/wp\/v2\/posts"}],"about":[{"href":"https:\/\/www.encontragoiania.com.br\/sobre\/wp-json\/wp\/v2\/types\/post"}],"author":[{"embeddable":true,"href":"https:\/\/www.encontragoiania.com.br\/sobre\/wp-json\/wp\/v2\/users\/1"}],"replies":[{"embeddable":true,"href":"https:\/\/www.encontragoiania.com.br\/sobre\/wp-json\/wp\/v2\/comments?post=111"}],"version-history":[{"count":0,"href":"https:\/\/www.encontragoiania.com.br\/sobre\/wp-json\/wp\/v2\/posts\/111\/revisions"}],"wp:attachment":[{"href":"https:\/\/www.encontragoiania.com.br\/sobre\/wp-json\/wp\/v2\/media?parent=111"}],"wp:term":[{"taxonomy":"category","embeddable":true,"href":"https:\/\/www.encontragoiania.com.br\/sobre\/wp-json\/wp\/v2\/categories?post=111"},{"taxonomy":"post_tag","embeddable":true,"href":"https:\/\/www.encontragoiania.com.br\/sobre\/wp-json\/wp\/v2\/tags?post=111"}],"curies":[{"name":"wp","href":"https:\/\/api.w.org\/{rel}","templated":true}]}}